{"id":1055,"date":"2012-03-27T16:27:45","date_gmt":"2012-03-27T15:27:45","guid":{"rendered":"http:\/\/blogs.diariosur.es\/-que-le-compro-\/?p=1055"},"modified":"2012-03-27T16:27:45","modified_gmt":"2012-03-27T15:27:45","slug":"colas-en-la-apertura-del-outlet-carrefour-en-malaga-en-el-rosaleda","status":"publish","type":"post","link":"https:\/\/blogs.diariosur.es\/-que-le-compro-\/2012\/03\/27\/colas-en-la-apertura-del-outlet-carrefour-en-malaga-en-el-rosaleda\/","title":{"rendered":"Colas en la apertura del outlet Carrefour en M\u00e1laga, en el Rosaleda"},"content":{"rendered":"<div id=\"attachment_1056\" style=\"width: 510px\" class=\"wp-caption aligncenter\"><a href=\"\/-que-le-compro-\/wp-content\/uploads\/sites\/19\/2012\/03\/inauguracion-outlet-carrefour.jpg\"><img aria-describedby=\"caption-attachment-1056\" loading=\"lazy\" class=\"size-full wp-image-1056\" title=\"Estreno del outlet Carrefour M\u00e1laga este 27 de marzo\" src=\"\/-que-le-compro-\/wp-content\/uploads\/sites\/19\/2012\/03\/inauguracion-outlet-carrefour.jpg\" alt=\"Estreno del outlet de Carrefour en  M\u00e1laga este 27 de marzo\" width=\"500\" height=\"373\" srcset=\"https:\/\/static-blogs.diariosur.es\/wp-content\/uploads\/sites\/19\/2012\/03\/inauguracion-outlet-carrefour.jpg 500w, https:\/\/static-blogs.diariosur.es\/wp-content\/uploads\/sites\/19\/2012\/03\/inauguracion-outlet-carrefour-300x224.jpg 300w\" sizes=\"(max-width: 500px) 100vw, 500px\" \/><\/a><p id=\"caption-attachment-1056\" class=\"wp-caption-text\">Ambiente en el estreno del outlet de Carrefour en M\u00e1laga este 27 de marzo. :: D. M.<\/p><\/div>\n<p>&nbsp;<\/p>\n<p><span style=\"color: #003366;\">Hab\u00eda expectaci\u00f3n por conocer el nuevo recinto. Y se ha notado en las colas que han acompa\u00f1ado la inauguraci\u00f3n del outlet de Carrefour este martes en M\u00e1laga, que es el tercero que la empresa abre en Espa\u00f1a.<\/span><\/p>\n<p><span style=\"color: #003366;\">El nuevo espacio, ubicado en el lateral de la<strong> planta alta del hipermercado del centro comercial Rosaleda<\/strong>, ofrece descuentos de entre un 30 y un 80% en art\u00edculos de electrodom\u00e9sticos, bazar (decoraci\u00f3n, menaje,\u2026) y moda de temporadas anteriores. Tambi\u00e9n hay juguetes, oro y calzado, \u00a0y abundan las rebajas en torno al 50% y otras ofertas con duraci\u00f3n limitada (ojo a los carteles \u2018solo hoy\u2019). As\u00ed que son bastantes los curiosos, seg\u00fan nos cuentan, que est\u00e1n visitando hoy este &#8216;c\u00f3rner de los chollos&#8217; a la b\u00fasqueda de alguna ganga que merezca la pena.<\/span><\/p>\n<p><span style=\"color: #003366;\">\u00bfHab\u00e9is estado ya en el outlet de Carrefour? \u00bfQu\u00e9 os parece?<\/span><\/p>\n","protected":false},"excerpt":{"rendered":"<p>&nbsp; Hab\u00eda expectaci\u00f3n por conocer el nuevo recinto. Y se ha notado en las colas que han acompa\u00f1ado la inauguraci\u00f3n del outlet de Carrefour este martes en M\u00e1laga, que es el tercero que la empresa abre en Espa\u00f1a. El nuevo espacio, ubicado en el lateral de la planta alta del hipermercado del centro comercial Rosaleda, [&hellip;]<\/p>\n","protected":false},"author":24,"featured_media":0,"comment_status":"open","ping_status":"closed","sticky":false,"template":"","format":"standard","meta":[],"categories":[2,6],"tags":[632,703,1637,2769,2783,2784,3851],"_links":{"self":[{"href":"https:\/\/blogs.diariosur.es\/-que-le-compro-\/wp-json\/wp\/v2\/posts\/1055"}],"collection":[{"href":"https:\/\/blogs.diariosur.es\/-que-le-compro-\/wp-json\/wp\/v2\/posts"}],"about":[{"href":"https:\/\/blogs.diariosur.es\/-que-le-compro-\/wp-json\/wp\/v2\/types\/post"}],"author":[{"embeddable":true,"href":"https:\/\/blogs.diariosur.es\/-que-le-compro-\/wp-json\/wp\/v2\/users\/24"}],"replies":[{"embeddable":true,"href":"https:\/\/blogs.diariosur.es\/-que-le-compro-\/wp-json\/wp\/v2\/comments?post=1055"}],"version-history":[{"count":0,"href":"https:\/\/blogs.diariosur.es\/-que-le-compro-\/wp-json\/wp\/v2\/posts\/1055\/revisions"}],"wp:attachment":[{"href":"https:\/\/blogs.diariosur.es\/-que-le-compro-\/wp-json\/wp\/v2\/media?parent=1055"}],"wp:term":[{"taxonomy":"category","embeddable":true,"href":"https:\/\/blogs.diariosur.es\/-que-le-compro-\/wp-json\/wp\/v2\/categories?post=1055"},{"taxonomy":"post_tag","embeddable":true,"href":"https:\/\/blogs.diariosur.es\/-que-le-compro-\/wp-json\/wp\/v2\/tags?post=1055"}],"curies":[{"name":"wp","href":"https:\/\/api.w.org\/{rel}","templated":true}]}}