{"id":1058,"date":"2012-03-29T18:10:22","date_gmt":"2012-03-29T17:10:22","guid":{"rendered":"http:\/\/blogs.diariosur.es\/-que-le-compro-\/?p=1058"},"modified":"2012-03-29T18:10:22","modified_gmt":"2012-03-29T17:10:22","slug":"rastrillo-de-primavera-en-marbella-de-horizonte-proyecto-hombre-el-1-de-abril","status":"publish","type":"post","link":"https:\/\/blogs.diariosur.es\/-que-le-compro-\/2012\/03\/29\/rastrillo-de-primavera-en-marbella-de-horizonte-proyecto-hombre-el-1-de-abril\/","title":{"rendered":"Rastrillo de Primavera en Marbella de Horizonte Proyecto Hombre, el 1 de abril"},"content":{"rendered":"<p>&nbsp;<\/p>\n<p><span style=\"color: #003366;\">El pr\u00f3ximo 1 de abril, Domingo de Ramos, adem\u00e1s de estrenarla Semana Santa en Marbella podr\u00e1s tambi\u00e9n disfrutar de un mercadillo, porque el Parque de la Alameda acoger\u00e1 el Rastrillo de Primavera a beneficio de la asociaci\u00f3n Horizonte Proyecto Hombre.<\/span><\/p>\n<p><span style=\"color: #003366;\">Como novedad, en esta edici\u00f3n destacar\u00e1 \u00a0la amplia colecci\u00f3n de <span style=\"text-decoration: underline;\">vestidos y trajes para bodas y primeras comuniones<\/span> que habr\u00e1 ahora que se acercan los meses t\u00edpicos de estas ceremonias. Asimismo, <strong>desde las diez de la ma\u00f1ana<\/strong> habr\u00e1 tambi\u00e9n art\u00edculos de cultura y entretenimiento como libros, DVD o discos, objetos de decoraci\u00f3n como l\u00e1mparas, cuadros y adornos junto a juguetes y dulces.<\/span><\/p>\n<p><span style=\"color: #003366;\">Y entre compra y compra se podr\u00e1 tomar un tentempi\u00e9 o incluso una paella en el parque gracias a que el restaurante-cafeter\u00eda-terraza ser\u00e1 tendido por las asociaciones Arama y Gacar.<\/span><\/p>\n","protected":false},"excerpt":{"rendered":"<p>&nbsp; El pr\u00f3ximo 1 de abril, Domingo de Ramos, adem\u00e1s de estrenarla Semana Santa en Marbella podr\u00e1s tambi\u00e9n disfrutar de un mercadillo, porque el Parque de la Alameda acoger\u00e1 el Rastrillo de Primavera a beneficio de la asociaci\u00f3n Horizonte Proyecto Hombre. Como novedad, en esta edici\u00f3n destacar\u00e1 \u00a0la amplia colecci\u00f3n de vestidos y trajes para [&hellip;]<\/p>\n","protected":false},"author":24,"featured_media":0,"comment_status":"open","ping_status":"closed","sticky":false,"template":"","format":"standard","meta":[],"categories":[3,4],"tags":[1646,2364,2830,3116,3865],"_links":{"self":[{"href":"https:\/\/blogs.diariosur.es\/-que-le-compro-\/wp-json\/wp\/v2\/posts\/1058"}],"collection":[{"href":"https:\/\/blogs.diariosur.es\/-que-le-compro-\/wp-json\/wp\/v2\/posts"}],"about":[{"href":"https:\/\/blogs.diariosur.es\/-que-le-compro-\/wp-json\/wp\/v2\/types\/post"}],"author":[{"embeddable":true,"href":"https:\/\/blogs.diariosur.es\/-que-le-compro-\/wp-json\/wp\/v2\/users\/24"}],"replies":[{"embeddable":true,"href":"https:\/\/blogs.diariosur.es\/-que-le-compro-\/wp-json\/wp\/v2\/comments?post=1058"}],"version-history":[{"count":0,"href":"https:\/\/blogs.diariosur.es\/-que-le-compro-\/wp-json\/wp\/v2\/posts\/1058\/revisions"}],"wp:attachment":[{"href":"https:\/\/blogs.diariosur.es\/-que-le-compro-\/wp-json\/wp\/v2\/media?parent=1058"}],"wp:term":[{"taxonomy":"category","embeddable":true,"href":"https:\/\/blogs.diariosur.es\/-que-le-compro-\/wp-json\/wp\/v2\/categories?post=1058"},{"taxonomy":"post_tag","embeddable":true,"href":"https:\/\/blogs.diariosur.es\/-que-le-compro-\/wp-json\/wp\/v2\/tags?post=1058"}],"curies":[{"name":"wp","href":"https:\/\/api.w.org\/{rel}","templated":true}]}}