{"id":1059,"date":"2012-03-31T11:00:18","date_gmt":"2012-03-31T10:00:18","guid":{"rendered":"http:\/\/blogs.diariosur.es\/-que-le-compro-\/?p=1059"},"modified":"2012-03-31T11:00:18","modified_gmt":"2012-03-31T10:00:18","slug":"parque-miramar-celebra-su-8-%c2%ba-aniversario-con-actividades-gratis","status":"publish","type":"post","link":"https:\/\/blogs.diariosur.es\/-que-le-compro-\/2012\/03\/31\/parque-miramar-celebra-su-8-%c2%ba-aniversario-con-actividades-gratis\/","title":{"rendered":"Parque Miramar celebra su 8.\u00ba aniversario con actividades gratis"},"content":{"rendered":"<p><span style=\"color: #000080;\">El centro comercial Parque Miramar, en Fuengirola, cumple ocho a\u00f1os, y est\u00e1 dispuesto a celebrarlo por todo lo alto. Para ello, han organizado diversas <span style=\"text-decoration: underline;\">actividades gratis desde este s\u00e1bado, 31 de marzo, hasta el pr\u00f3ximo, 7 de abril,<\/span> ya que el centro permanecer\u00e1 abierto tambi\u00e9n el Jueves y el Viernes Santo.<\/span><\/p>\n<p><span style=\"color: #000080;\">Adem\u00e1s, del 2 al 15 de abril, habr\u00e1 un <strong>concurso en la <a href=\"http:\/\/www.facebook.com\/parquemiramar \" rel=\"external nofollow\">p\u00e1gina de Facebook <\/a><\/strong>del centro \u00a0en el que se invitar\u00e1 a los usuarios a que hagan una foto con un 8 creativo. Los tres participantes que obtengan mayor n\u00famero de votos, ganar\u00e1n cheques regalos valorados en 100\u20ac,\u00a0 60\u20ac y 40\u20ac\u00a0 para canjear en los establecimientos de Parque Miramar.<\/span><\/p>\n<p><span style=\"color: #000080;\">Estos son los<\/span><span style=\"text-decoration: underline;\"> talleres que se realizar\u00e1n en la planta alta<\/span><span style=\"color: #000080;\">, zona de restauraci\u00f3n:<\/span><\/p>\n<p><span style=\"color: #000080;\"><em>Broches<\/em><\/span><\/p>\n<p><span style=\"color: #000080;\">S\u00e1bado 31 de marzo y domingo 1 de abril. Horario: 18:00-20:00<\/span><\/p>\n<p><span style=\"color: #000080;\"><em>Papiroflexia<\/em><\/span><\/p>\n<p><span style=\"color: #000080;\">S\u00e1bado 31 de marzo y\u00a0 s\u00e1bado 7 de abril. Horario: 12:00-14:00<\/span><\/p>\n<p><span style=\"color: #000080;\"><em>Pompas de jab\u00f3n<\/em><\/span><\/p>\n<p><span style=\"color: #000080;\">Jueves 5 de abril, viernes 6 de abril y s\u00e1bado 7 de abril. Horario: 18:00-20:00<\/span><\/p>\n<p>&nbsp;<\/p>\n<p><span style=\"color: #000080;\">Adem\u00e1s, habr\u00e1 una gran <strong>gincana infantil<\/strong> del s\u00e1bado 31 de marzo al s\u00e1bado 7 de abril en el local A22 de seis a nueve de la noche. Y como <strong>broche final, una gran fiesta<\/strong> con un espect\u00e1culo de pompas de jab\u00f3n gigantes y m\u00e1s sorpresas el s\u00e1bado 7 desde las ocho de la tarde (planta alta del edificio). <a href=\"http:\/\/www.parquemiramar.com\/pdf\/Programa_Aniversario_Parque_Miramar.pdf\" rel=\"external nofollow\"><span style=\"color: #000080;\">Puedes consultar aqu\u00ed el programa completo de actividades.<\/span><\/a><\/span><\/p>\n<p><span style=\"color: #000080;\">\u00a1\u00a1Felicidades por el aniversario!!<\/span><\/p>\n<p>&nbsp;<\/p>\n<p><a href=\"\/-que-le-compro-\/wp-content\/uploads\/sites\/19\/2012\/03\/miramar-8aniversario.jpg\"><img loading=\"lazy\" class=\"aligncenter size-full wp-image-1060\" title=\"miramar-8aniversario\" src=\"\/-que-le-compro-\/wp-content\/uploads\/sites\/19\/2012\/03\/miramar-8aniversario.jpg\" alt=\"\" width=\"400\" height=\"711\" srcset=\"https:\/\/static-blogs.diariosur.es\/wp-content\/uploads\/sites\/19\/2012\/03\/miramar-8aniversario.jpg 400w, https:\/\/static-blogs.diariosur.es\/wp-content\/uploads\/sites\/19\/2012\/03\/miramar-8aniversario-169x300.jpg 169w\" sizes=\"(max-width: 400px) 100vw, 400px\" \/><\/a><\/p>\n","protected":false},"excerpt":{"rendered":"<p>El centro comercial Parque Miramar, en Fuengirola, cumple ocho a\u00f1os, y est\u00e1 dispuesto a celebrarlo por todo lo alto. Para ello, han organizado diversas actividades gratis desde este s\u00e1bado, 31 de marzo, hasta el pr\u00f3ximo, 7 de abril, ya que el centro permanecer\u00e1 abierto tambi\u00e9n el Jueves y el Viernes Santo. Adem\u00e1s, del 2 al [&hellip;]<\/p>\n","protected":false},"author":24,"featured_media":0,"comment_status":"open","ping_status":"closed","sticky":false,"template":"","format":"standard","meta":[],"categories":[2,3],"tags":[210,714,2835,3531],"_links":{"self":[{"href":"https:\/\/blogs.diariosur.es\/-que-le-compro-\/wp-json\/wp\/v2\/posts\/1059"}],"collection":[{"href":"https:\/\/blogs.diariosur.es\/-que-le-compro-\/wp-json\/wp\/v2\/posts"}],"about":[{"href":"https:\/\/blogs.diariosur.es\/-que-le-compro-\/wp-json\/wp\/v2\/types\/post"}],"author":[{"embeddable":true,"href":"https:\/\/blogs.diariosur.es\/-que-le-compro-\/wp-json\/wp\/v2\/users\/24"}],"replies":[{"embeddable":true,"href":"https:\/\/blogs.diariosur.es\/-que-le-compro-\/wp-json\/wp\/v2\/comments?post=1059"}],"version-history":[{"count":0,"href":"https:\/\/blogs.diariosur.es\/-que-le-compro-\/wp-json\/wp\/v2\/posts\/1059\/revisions"}],"wp:attachment":[{"href":"https:\/\/blogs.diariosur.es\/-que-le-compro-\/wp-json\/wp\/v2\/media?parent=1059"}],"wp:term":[{"taxonomy":"category","embeddable":true,"href":"https:\/\/blogs.diariosur.es\/-que-le-compro-\/wp-json\/wp\/v2\/categories?post=1059"},{"taxonomy":"post_tag","embeddable":true,"href":"https:\/\/blogs.diariosur.es\/-que-le-compro-\/wp-json\/wp\/v2\/tags?post=1059"}],"curies":[{"name":"wp","href":"https:\/\/api.w.org\/{rel}","templated":true}]}}