{"id":1070,"date":"2012-03-31T18:38:30","date_gmt":"2012-03-31T17:38:30","guid":{"rendered":"http:\/\/blogs.diariosur.es\/-que-le-compro-\/?p=1070"},"modified":"2012-03-31T18:38:30","modified_gmt":"2012-03-31T17:38:30","slug":"novedades-del-mercadillo-artesanal-banos-del-carmen-edicion-abril","status":"publish","type":"post","link":"https:\/\/blogs.diariosur.es\/-que-le-compro-\/2012\/03\/31\/novedades-del-mercadillo-artesanal-banos-del-carmen-edicion-abril\/","title":{"rendered":"Novedades del mercadillo artesanal Ba\u00f1os del Carmen, edici\u00f3n abril"},"content":{"rendered":"<p><span style=\"color: #003366;\">Si el tiempo no lo impide, que esperemos que no, <strong>este Domingo de Ramos<\/strong> coincide con una nueva edici\u00f3n del mercadillo artesanal de los Ba\u00f1os del Carmen, que como sab\u00e9is se celebra en el Paseo Mar\u00edtimo de El Palo desde hace unos meses.<\/span><\/p>\n<p><span style=\"color: #003366;\"><strong>De diez de la ma\u00f1ana a tres de la tarde<\/strong>, la explanada junto al restaurante Carrasco albergar\u00e1 los expositores de bisuter\u00eda, moda, agricultura ecol\u00f3gica, tocados y accesorios para el cabello, bolsos y broches, entre otros muchos art\u00edculos, que cada mes re\u00fane esta muestra artesanal y a la que se van incorporando en cada edici\u00f3n nuevos dise\u00f1adores.<\/span><\/p>\n<p><span style=\"color: #003366;\">\u00a0En esta edici\u00f3n adem\u00e1s, como novedad, habr\u00e1 un taller para que los m\u00e1s peque\u00f1os aprendan a construir cometas y disfruten mientras sus padres est\u00e1n de compras que correr\u00e1 a cargo de El taller de Ana.<\/span><\/p>\n<p><span style=\"color: #003366;\">Asimismo, <span style=\"text-decoration: underline;\">se recoger\u00e1n alimentos para los \u00c1ngeles Malague\u00f1os de la Noche<\/span> en el stand que se estrenar\u00e1 en esta edici\u00f3n. <\/span><\/p>\n<p><span style=\"color: #003366;\">Esperemos que el tiempo no sea un obst\u00e1culo para el mercadillo, \u00a1suerte!<\/span><\/p>\n<p>&nbsp;<\/p>\n<p><a href=\"\/-que-le-compro-\/wp-content\/uploads\/sites\/19\/2012\/03\/taller-cometas-mercadillo.jpg\"><img loading=\"lazy\" class=\"aligncenter size-full wp-image-1071\" title=\"taller-cometas-mercadillo\" src=\"\/-que-le-compro-\/wp-content\/uploads\/sites\/19\/2012\/03\/taller-cometas-mercadillo.jpg\" alt=\"\" width=\"350\" height=\"370\" srcset=\"https:\/\/static-blogs.diariosur.es\/wp-content\/uploads\/sites\/19\/2012\/03\/taller-cometas-mercadillo.jpg 350w, https:\/\/static-blogs.diariosur.es\/wp-content\/uploads\/sites\/19\/2012\/03\/taller-cometas-mercadillo-284x300.jpg 284w\" sizes=\"(max-width: 350px) 100vw, 350px\" \/><\/a><\/p>\n","protected":false},"excerpt":{"rendered":"<p>Si el tiempo no lo impide, que esperemos que no, este Domingo de Ramos coincide con una nueva edici\u00f3n del mercadillo artesanal de los Ba\u00f1os del Carmen, que como sab\u00e9is se celebra en el Paseo Mar\u00edtimo de El Palo desde hace unos meses. De diez de la ma\u00f1ana a tres de la tarde, la explanada [&hellip;]<\/p>\n","protected":false},"author":24,"featured_media":0,"comment_status":"open","ping_status":"closed","sticky":false,"template":"","format":"standard","meta":[],"categories":[4],"tags":[192,448,1229,2138,2181,2868,3230,3756],"_links":{"self":[{"href":"https:\/\/blogs.diariosur.es\/-que-le-compro-\/wp-json\/wp\/v2\/posts\/1070"}],"collection":[{"href":"https:\/\/blogs.diariosur.es\/-que-le-compro-\/wp-json\/wp\/v2\/posts"}],"about":[{"href":"https:\/\/blogs.diariosur.es\/-que-le-compro-\/wp-json\/wp\/v2\/types\/post"}],"author":[{"embeddable":true,"href":"https:\/\/blogs.diariosur.es\/-que-le-compro-\/wp-json\/wp\/v2\/users\/24"}],"replies":[{"embeddable":true,"href":"https:\/\/blogs.diariosur.es\/-que-le-compro-\/wp-json\/wp\/v2\/comments?post=1070"}],"version-history":[{"count":0,"href":"https:\/\/blogs.diariosur.es\/-que-le-compro-\/wp-json\/wp\/v2\/posts\/1070\/revisions"}],"wp:attachment":[{"href":"https:\/\/blogs.diariosur.es\/-que-le-compro-\/wp-json\/wp\/v2\/media?parent=1070"}],"wp:term":[{"taxonomy":"category","embeddable":true,"href":"https:\/\/blogs.diariosur.es\/-que-le-compro-\/wp-json\/wp\/v2\/categories?post=1070"},{"taxonomy":"post_tag","embeddable":true,"href":"https:\/\/blogs.diariosur.es\/-que-le-compro-\/wp-json\/wp\/v2\/tags?post=1070"}],"curies":[{"name":"wp","href":"https:\/\/api.w.org\/{rel}","templated":true}]}}