{"id":1575,"date":"2013-01-02T18:59:11","date_gmt":"2013-01-02T17:59:11","guid":{"rendered":"http:\/\/blogs.diariosur.es\/-que-le-compro-\/?p=1575"},"modified":"2013-01-02T18:59:11","modified_gmt":"2013-01-02T17:59:11","slug":"mercadillo-de-reyes-en-la-malagueta-3-4-y-5-de-enero-con-talleres-infantiles-gratis","status":"publish","type":"post","link":"https:\/\/blogs.diariosur.es\/-que-le-compro-\/2013\/01\/02\/mercadillo-de-reyes-en-la-malagueta-3-4-y-5-de-enero-con-talleres-infantiles-gratis\/","title":{"rendered":"Mercadillo de Reyes en La Malagueta, 3, 4 y 5 de enero, con talleres infantiles gratis"},"content":{"rendered":"<div id=\"attachment_1576\" style=\"width: 510px\" class=\"wp-caption aligncenter\"><a href=\"\/-que-le-compro-\/wp-content\/uploads\/sites\/19\/2013\/01\/cartel-mercadillo.jpg\"><img aria-describedby=\"caption-attachment-1576\" loading=\"lazy\" class=\"size-full wp-image-1576\" title=\"Mercadillo navide\u00f1o en La Malagueta, enero 2012\" src=\"\/-que-le-compro-\/wp-content\/uploads\/sites\/19\/2013\/01\/cartel-mercadillo.jpg\" alt=\"\" width=\"500\" height=\"751\" srcset=\"https:\/\/static-blogs.diariosur.es\/wp-content\/uploads\/sites\/19\/2013\/01\/cartel-mercadillo.jpg 500w, https:\/\/static-blogs.diariosur.es\/wp-content\/uploads\/sites\/19\/2013\/01\/cartel-mercadillo-200x300.jpg 200w\" sizes=\"(max-width: 500px) 100vw, 500px\" \/><\/a><p id=\"caption-attachment-1576\" class=\"wp-caption-text\">Cartel del mercadillo navide\u00f1o en La Malagueta<\/p><\/div>\n<p><span style=\"color: #333399;\">Despu\u00e9s del \u00e9xito del a\u00f1o pasado, y por triplicado. Blanca Beneitez y Tina Su\u00e1rez, las promotoras de la muestra artesanal de los Ba\u00f1os del Carmen, vuelven a organizar un mercadillo navide\u00f1o en La Malagueta. Ser\u00e1 en la <strong>calle Cervantes<\/strong>, junto a la plaza de toros y el aparcamiento municipal los d\u00edas <strong>3, 4 y 5 de enero.\u00a0<\/strong><\/span><\/p>\n<p><span style=\"color: #333399;\">Y para que la falta de tiempo no sea excusa, estar\u00e1n todo el d\u00eda, as\u00ed que podr\u00e9is visitar los expositores <strong>de 11 de la ma\u00f1ana a nueve de la noche<\/strong>. Artesan\u00eda, complementos handmade, moda para toda la familia, bisuter\u00eda, accesorios y complementos para el beb\u00e9, flores y mucho m\u00e1s es lo que se podr\u00e1 encontrar en este mercadillo de Reyes. Adem\u00e1s, un castillo hinchable para los m\u00e1s peque\u00f1os y talleres gratuitos por la tarde como pod\u00e9is ver aqu\u00ed:<\/span><\/p>\n<p>&nbsp;<\/p>\n<p><a href=\"\/-que-le-compro-\/wp-content\/uploads\/sites\/19\/2013\/01\/talleres-mercadillo.jpg\"><img loading=\"lazy\" class=\"aligncenter size-full wp-image-1577\" title=\"Talleres infantiles gratis en La Malagueta\" src=\"\/-que-le-compro-\/wp-content\/uploads\/sites\/19\/2013\/01\/talleres-mercadillo.jpg\" alt=\"\" width=\"500\" height=\"349\" srcset=\"https:\/\/static-blogs.diariosur.es\/wp-content\/uploads\/sites\/19\/2013\/01\/talleres-mercadillo.jpg 500w, https:\/\/static-blogs.diariosur.es\/wp-content\/uploads\/sites\/19\/2013\/01\/talleres-mercadillo-300x209.jpg 300w\" sizes=\"(max-width: 500px) 100vw, 500px\" \/><\/a><\/p>\n<p><span style=\"color: #333399;\">La solidaridad tambi\u00e9n estar\u00e1 presente en esta muestra, y cada d\u00eda una asociaci\u00f3n ben\u00e9fica ser\u00e1 la protagonista: Madre coraje, Nuevo Futuro y Galgos 112.<\/span><\/p>\n<p><span style=\"color: #333399;\">As\u00ed que ya sab\u00e9is otro sitio en el que poder encontrar regalos para el 6 de enero, que seguro ser\u00e1n originales como pocos: \u00a1avisados qued\u00e1is!<\/span><\/p>\n<p><strong>El mercadillo BC, el domingo 13<\/strong><\/p>\n<p><span style=\"color: #000080;\">Y un aviso: Para este domingo estaba previsto, como es tradici\u00f3n, la edici\u00f3n mensual del mercadillo Ba\u00f1os del Carmen en El Palo, pero finalmente se ha trasladado al domingo 13.<\/span><\/p>\n","protected":false},"excerpt":{"rendered":"<p>Despu\u00e9s del \u00e9xito del a\u00f1o pasado, y por triplicado. Blanca Beneitez y Tina Su\u00e1rez, las promotoras de la muestra artesanal de los Ba\u00f1os del Carmen, vuelven a organizar un mercadillo navide\u00f1o en La Malagueta. Ser\u00e1 en la calle Cervantes, junto a la plaza de toros y el aparcamiento municipal los d\u00edas 3, 4 y 5 [&hellip;]<\/p>\n","protected":false},"author":24,"featured_media":0,"comment_status":"open","ping_status":"closed","sticky":false,"template":"","format":"standard","meta":[],"categories":[4],"tags":[448,1229,1518,2038,2257,2346,2684,3211,3529,3756],"_links":{"self":[{"href":"https:\/\/blogs.diariosur.es\/-que-le-compro-\/wp-json\/wp\/v2\/posts\/1575"}],"collection":[{"href":"https:\/\/blogs.diariosur.es\/-que-le-compro-\/wp-json\/wp\/v2\/posts"}],"about":[{"href":"https:\/\/blogs.diariosur.es\/-que-le-compro-\/wp-json\/wp\/v2\/types\/post"}],"author":[{"embeddable":true,"href":"https:\/\/blogs.diariosur.es\/-que-le-compro-\/wp-json\/wp\/v2\/users\/24"}],"replies":[{"embeddable":true,"href":"https:\/\/blogs.diariosur.es\/-que-le-compro-\/wp-json\/wp\/v2\/comments?post=1575"}],"version-history":[{"count":0,"href":"https:\/\/blogs.diariosur.es\/-que-le-compro-\/wp-json\/wp\/v2\/posts\/1575\/revisions"}],"wp:attachment":[{"href":"https:\/\/blogs.diariosur.es\/-que-le-compro-\/wp-json\/wp\/v2\/media?parent=1575"}],"wp:term":[{"taxonomy":"category","embeddable":true,"href":"https:\/\/blogs.diariosur.es\/-que-le-compro-\/wp-json\/wp\/v2\/categories?post=1575"},{"taxonomy":"post_tag","embeddable":true,"href":"https:\/\/blogs.diariosur.es\/-que-le-compro-\/wp-json\/wp\/v2\/tags?post=1575"}],"curies":[{"name":"wp","href":"https:\/\/api.w.org\/{rel}","templated":true}]}}