{"id":1595,"date":"2013-01-07T16:18:15","date_gmt":"2013-01-07T15:18:15","guid":{"rendered":"http:\/\/blogs.diariosur.es\/-que-le-compro-\/?p=1595"},"modified":"2013-01-07T16:18:15","modified_gmt":"2013-01-07T15:18:15","slug":"7-de-enero-tiendas-abiertas-y-rebajas-hasta-el-70","status":"publish","type":"post","link":"https:\/\/blogs.diariosur.es\/-que-le-compro-\/2013\/01\/07\/7-de-enero-tiendas-abiertas-y-rebajas-hasta-el-70\/","title":{"rendered":"7 de enero: tiendas abiertas y rebajas hasta el 70%"},"content":{"rendered":"<p><span style=\"color: #333399;\">Preparaos porque hoy s\u00ed que va a haber colas de verdad en las tiendas. \u00a0Si ya en los \u00faltimos d\u00edas, con esto de las compras de Reyes, la actividad en el comercio ha sido bastante intensa -aunque no tanto como otros a\u00f1os , seg\u00fan me han comentado desde el sector- este 7 de enero promete. Porque, pese a ser festivo, las tiendas (especialmente, los centros comerciales) abren, y se van a juntar aquellos que quieren devolver y\/o cambiar alg\u00fan regalo de Reyes con los que se lanzan a renovar su armario porque este lunes&#8230; \u00a1\u00a1\u00a1EMPIEZAN LAS REBAJAS EN TODOS LOS SITIOS!!!<\/span><\/p>\n<p><span style=\"color: #333399;\">Ya s\u00ed que s\u00ed: ya se acabaron las promociones especiales, las ofertas extra y otros adelantos; como manda la tradici\u00f3n (el calendario fijado, sobre todo) hoy comienzan las rebajas en todas las tiendas, y para empezar fuerte (o seguir) ya se pueden encontrar descuentos de hasta el 70%. <\/span><\/p>\n<p><span style=\"color: #333399;\">As\u00ed que si hoy ten\u00e9is pensado ir de tiendas por M\u00e1laga armaos de paciencia porque el d\u00eda promete. Pero la ocasi\u00f3n lo merecer\u00e1, seguro. Y si no pues tranquilos, que <strong>hasta el 7 de marzo, que es cuando acaban estas rebajas<\/strong>, a\u00fan hay mucho tiempo por delante.<\/span><\/p>\n<p><span style=\"color: #333399;\">\u00bfYa ten\u00e9is pensado qu\u00e9 vais a comprar estas rebajas?\u00a0<\/span><\/p>\n","protected":false},"excerpt":{"rendered":"<p>Preparaos porque hoy s\u00ed que va a haber colas de verdad en las tiendas. \u00a0Si ya en los \u00faltimos d\u00edas, con esto de las compras de Reyes, la actividad en el comercio ha sido bastante intensa -aunque no tanto como otros a\u00f1os , seg\u00fan me han comentado desde el sector- este 7 de enero promete. [&hellip;]<\/p>\n","protected":false},"author":24,"featured_media":0,"comment_status":"open","ping_status":"closed","sticky":false,"template":"","format":"standard","meta":[],"categories":[2,7],"tags":[3020,3137,3602,3702],"_links":{"self":[{"href":"https:\/\/blogs.diariosur.es\/-que-le-compro-\/wp-json\/wp\/v2\/posts\/1595"}],"collection":[{"href":"https:\/\/blogs.diariosur.es\/-que-le-compro-\/wp-json\/wp\/v2\/posts"}],"about":[{"href":"https:\/\/blogs.diariosur.es\/-que-le-compro-\/wp-json\/wp\/v2\/types\/post"}],"author":[{"embeddable":true,"href":"https:\/\/blogs.diariosur.es\/-que-le-compro-\/wp-json\/wp\/v2\/users\/24"}],"replies":[{"embeddable":true,"href":"https:\/\/blogs.diariosur.es\/-que-le-compro-\/wp-json\/wp\/v2\/comments?post=1595"}],"version-history":[{"count":0,"href":"https:\/\/blogs.diariosur.es\/-que-le-compro-\/wp-json\/wp\/v2\/posts\/1595\/revisions"}],"wp:attachment":[{"href":"https:\/\/blogs.diariosur.es\/-que-le-compro-\/wp-json\/wp\/v2\/media?parent=1595"}],"wp:term":[{"taxonomy":"category","embeddable":true,"href":"https:\/\/blogs.diariosur.es\/-que-le-compro-\/wp-json\/wp\/v2\/categories?post=1595"},{"taxonomy":"post_tag","embeddable":true,"href":"https:\/\/blogs.diariosur.es\/-que-le-compro-\/wp-json\/wp\/v2\/tags?post=1595"}],"curies":[{"name":"wp","href":"https:\/\/api.w.org\/{rel}","templated":true}]}}