{"id":1598,"date":"2013-01-08T18:04:07","date_gmt":"2013-01-08T17:04:07","guid":{"rendered":"http:\/\/blogs.diariosur.es\/-que-le-compro-\/?p=1598"},"modified":"2013-01-08T18:04:07","modified_gmt":"2013-01-08T17:04:07","slug":"desigual-regala-prendas-por-ir-en-ropa-interior-en-barcelona","status":"publish","type":"post","link":"https:\/\/blogs.diariosur.es\/-que-le-compro-\/2013\/01\/08\/desigual-regala-prendas-por-ir-en-ropa-interior-en-barcelona\/","title":{"rendered":"Desigual regala prendas por ir en ropa interior en Barcelona"},"content":{"rendered":"<p><a href=\"\/-que-le-compro-\/wp-content\/uploads\/sites\/19\/2013\/01\/desigual.jpg\"><img loading=\"lazy\" class=\"aligncenter size-full wp-image-1599\" title=\"Colas en Desigual Barcelona en ropa interior para conseguir prendas gratis\" src=\"\/-que-le-compro-\/wp-content\/uploads\/sites\/19\/2013\/01\/desigual.jpg\" alt=\"\" width=\"647\" height=\"320\" \/><\/a><\/p>\n<p>Lo ha vuelto a hacer, y la ha vuelto a liar. El d\u00eda oficial de inicio de las rebajas de invierno 2012-13, el lunes 7 de enero, Desigual ha puesto en marcha su campa\u00f1a de &#8216;vestir al desnudo&#8217;. Esta vez el escenario fue Barcelona y el premio a las 150 primeras personas que entraran a la tienda en pa\u00f1os menores, como se suele decir, era salir gratis con dos prendas de la firma.<\/p>\n<p>A las 08.30 horas, dos Sexy Buses Desigual aparcaban a las puertas de la tienda de paseo de Gr\u00e0cia, para que los admiradores de la marca pudieran desvestirse y entrar en ropa interior en el establecimiento, evitando as\u00ed la normativa municipal que proh\u00edbe andar por la ciudad en pa\u00f1os menores. Previamente, los candidatos a este &#8216;Seminaked Party by Desigual&#8217; hab\u00edan acudido d\u00edas atr\u00e1s a la tienda, siguiendo la convocatoria del perfil de Facebook de la marca, para acreditarse y conseguir sus pulseras con el texto impreso: &#8220;Viva mi cuerpo serrano&#8221;.<\/p>\n<p>Los clientes, algunos de los cuales incluso durmieron toda una noche ante la tienda para recoger sus credenciales los pasados d\u00edas 27 de diciembre y 3 de enero, fueron recogidos, seg\u00fan la agencia Efe, a las 08.00 horas frente a la plaza Monumental de Barcelona por los citados autobuses.<\/p>\n<p>En los veh\u00edculos les esperaban los actores Jordi Vilches y Coque Serrano, quienes les han animado a desvestirse al son de la m\u00fasica de un DJ en directo, mientras los autocares han emprendido el camino hacia su destino.<\/p>\n<p>Al entrar en la tienda, y mientras escog\u00edan las dos prendas gratuitas de la colecci\u00f3n oto\u00f1o-Invierno 2012 a la que ten\u00edan derecho, el DJ Miqui Puig, exl\u00edder el grupo musical Los Sencillos, les animaba con su repertorio.<\/p>\n<p>Desde que esta firma de ropa espa\u00f1ola inici\u00f3 la campa\u00f1a &#8216;Entra semidesnudo y sal vestido&#8221;, un total de 8.500 personas se han beneficiado de ella en ciudades como Berl\u00edn, Londres, Par\u00eds, Amsterdam, Lisboa, Nueva York y San Francisco. En Espa\u00f1a, las ciudades elegidas anteriormente fueron Barcelona, Madrid, San Sebasti\u00e1n, Marbella o Sevilla.<\/p>\n<p>\u00bfQu\u00e9 os parece esta iniciativa, hab\u00e9is participado alguna vez?<\/p>\n<p><object id=\"flashObj\" width=\"590\" height=\"336\" classid=\"clsid:d27cdb6e-ae6d-11cf-96b8-444553540000\" codebase=\"http:\/\/download.macromedia.com\/pub\/shockwave\/cabs\/flash\/swflash.cab#version=6,0,40,0\"><param name=\"flashVars\" value=\"@videoPlayer=2079757489001&#038;playerID=676510367001&#038;playerKey=AQ~~,AAAAE_Nrlok~,_Cvi-4rvLA6X--B7PPDC_4gZVVejhp2P&#038;domain=embed&#038;dynamicStreaming=true\" \/><param name=\"base\" value=\"http:\/\/admin.brightcove.com\" \/><param name=\"seamlesstabbing\" value=\"false\" \/><param name=\"allowFullScreen\" value=\"true\" \/><param name=\"swLiveConnect\" value=\"true\" \/><param name=\"allowScriptAccess\" value=\"always\" \/><param name=\"src\" value=\"http:\/\/c.brightcove.com\/services\/viewer\/federated_f9?isVid=1&#038;isUI=1\" \/><param name=\"flashvars\" value=\"@videoPlayer=2079757489001&#038;playerID=676510367001&#038;playerKey=AQ~~,AAAAE_Nrlok~,_Cvi-4rvLA6X--B7PPDC_4gZVVejhp2P&#038;domain=embed&#038;dynamicStreaming=true\" \/><param name=\"allowfullscreen\" value=\"true\" \/><param name=\"allowscriptaccess\" value=\"always\" \/><param name=\"swliveconnect\" value=\"true\" \/><param name=\"pluginspage\" value=\"http:\/\/www.macromedia.com\/shockwave\/download\/index.cgi?P1_Prod_Version=ShockwaveFlash\" \/><embed id=\"flashObj\" width=\"590\" height=\"336\" type=\"application\/x-shockwave-flash\" src=\"\/\/c.brightcove.com\/services\/viewer\/federated_f9?isVid=1&#038;isUI=1\" flashVars=\"@videoPlayer=2079757489001&#038;playerID=676510367001&#038;playerKey=AQ~~,AAAAE_Nrlok~,_Cvi-4rvLA6X--B7PPDC_4gZVVejhp2P&#038;domain=embed&#038;dynamicStreaming=true\" base=\"http:\/\/admin.brightcove.com\" seamlesstabbing=\"false\" allowFullScreen=\"true\" swLiveConnect=\"true\" allowScriptAccess=\"always\" flashvars=\"@videoPlayer=2079757489001&#038;playerID=676510367001&#038;playerKey=AQ~~,AAAAE_Nrlok~,_Cvi-4rvLA6X--B7PPDC_4gZVVejhp2P&#038;domain=embed&#038;dynamicStreaming=true\" allowfullscreen=\"true\" allowscriptaccess=\"always\" swliveconnect=\"true\" pluginspage=\"http:\/\/www.macromedia.com\/shockwave\/download\/index.cgi?P1_Prod_Version=ShockwaveFlash\" \/><\/object><\/p>\n","protected":false},"excerpt":{"rendered":"<p>Lo ha vuelto a hacer, y la ha vuelto a liar. El d\u00eda oficial de inicio de las rebajas de invierno 2012-13, el lunes 7 de enero, Desigual ha puesto en marcha su campa\u00f1a de &#8216;vestir al desnudo&#8217;. Esta vez el escenario fue Barcelona y el premio a las 150 primeras personas que entraran a [&hellip;]<\/p>\n","protected":false},"author":24,"featured_media":0,"comment_status":"open","ping_status":"closed","sticky":false,"template":"","format":"standard","meta":[],"categories":[6],"tags":[26,1086,3265,3344],"_links":{"self":[{"href":"https:\/\/blogs.diariosur.es\/-que-le-compro-\/wp-json\/wp\/v2\/posts\/1598"}],"collection":[{"href":"https:\/\/blogs.diariosur.es\/-que-le-compro-\/wp-json\/wp\/v2\/posts"}],"about":[{"href":"https:\/\/blogs.diariosur.es\/-que-le-compro-\/wp-json\/wp\/v2\/types\/post"}],"author":[{"embeddable":true,"href":"https:\/\/blogs.diariosur.es\/-que-le-compro-\/wp-json\/wp\/v2\/users\/24"}],"replies":[{"embeddable":true,"href":"https:\/\/blogs.diariosur.es\/-que-le-compro-\/wp-json\/wp\/v2\/comments?post=1598"}],"version-history":[{"count":0,"href":"https:\/\/blogs.diariosur.es\/-que-le-compro-\/wp-json\/wp\/v2\/posts\/1598\/revisions"}],"wp:attachment":[{"href":"https:\/\/blogs.diariosur.es\/-que-le-compro-\/wp-json\/wp\/v2\/media?parent=1598"}],"wp:term":[{"taxonomy":"category","embeddable":true,"href":"https:\/\/blogs.diariosur.es\/-que-le-compro-\/wp-json\/wp\/v2\/categories?post=1598"},{"taxonomy":"post_tag","embeddable":true,"href":"https:\/\/blogs.diariosur.es\/-que-le-compro-\/wp-json\/wp\/v2\/tags?post=1598"}],"curies":[{"name":"wp","href":"https:\/\/api.w.org\/{rel}","templated":true}]}}