{"id":1603,"date":"2013-01-11T12:17:12","date_gmt":"2013-01-11T11:17:12","guid":{"rendered":"http:\/\/blogs.diariosur.es\/-que-le-compro-\/?p=1603"},"modified":"2013-01-11T12:17:12","modified_gmt":"2013-01-11T11:17:12","slug":"mercadillo-de-segunda-mano-de-la-habitacion-de-kate-contigo-pan-y-cebolla","status":"publish","type":"post","link":"https:\/\/blogs.diariosur.es\/-que-le-compro-\/2013\/01\/11\/mercadillo-de-segunda-mano-de-la-habitacion-de-kate-contigo-pan-y-cebolla\/","title":{"rendered":"Mercadillo de segunda mano de La habitaci\u00f3n de Kate &#039;Contigo pan y cebolla&#039;"},"content":{"rendered":"<p><span style=\"color: #333399;\">Despu\u00e9s del par\u00e9ntesis navide\u00f1o, las chicas de La habitaci\u00f3n de Kate vuelven con su mercadillo de segunda mano <strong>&#8216;Contigo pan y cebolla&#8217;.<\/strong><\/span><\/p>\n<p><span style=\"color: #333399;\">La cita es este s\u00e1bado,\u00a0<span style=\"text-decoration: underline;\"> d\u00eda 12, de 10.30 a 14 horas<\/span> en la sede de su <span style=\"font-size: medium;\"><strong>Kate&#8217;s Bazaar<\/strong><\/span>, que no est\u00e1 en la tienda sino enl a calel M\u00e1rtires (junto al Museo Carmen Thyssen), concretamente en el n\u00famero 11, piso 3\u00baD. All\u00ed podr\u00e9is encontrar ropa de segunda mano con precios desde los tres a los 30 euros, moda y accesorios vintage, decoraci\u00f3n, outlet y otros art\u00edculos de la tienda La habitaci\u00f3n de Kate.\u00a0<\/span><\/p>\n<p><span style=\"color: #333399;\">Y ya sab\u00e9is que la <span style=\"font-size: medium;\">convocatoria est\u00e1 abierta<\/span> para todo aquel que quiera desprenderse de algunas de sus prendas siempre que est\u00e9n en buen estado. Si os quer\u00e9is animar a hacerlo, solo ten\u00e9is que <a href=\"mailto:katebazaar@gmail.com\"><span style=\"color: #333399;\">mandar un correo electr\u00f3nico aqu\u00ed<\/span><\/a>\u00a0para informaros.<\/span><\/p>\n<p>&nbsp;<\/p>\n<p><a href=\"\/-que-le-compro-\/wp-content\/uploads\/sites\/19\/2013\/01\/mercadillo-kate.jpg\"><img loading=\"lazy\" class=\"aligncenter size-full wp-image-1604\" title=\"Mercadillo contigo pan y cebolla, 12 de enero\" src=\"\/-que-le-compro-\/wp-content\/uploads\/sites\/19\/2013\/01\/mercadillo-kate.jpg\" alt=\"\" width=\"450\" height=\"632\" srcset=\"https:\/\/static-blogs.diariosur.es\/wp-content\/uploads\/sites\/19\/2013\/01\/mercadillo-kate.jpg 450w, https:\/\/static-blogs.diariosur.es\/wp-content\/uploads\/sites\/19\/2013\/01\/mercadillo-kate-214x300.jpg 214w\" sizes=\"(max-width: 450px) 100vw, 450px\" \/><\/a><\/p>\n","protected":false},"excerpt":{"rendered":"<p>Despu\u00e9s del par\u00e9ntesis navide\u00f1o, las chicas de La habitaci\u00f3n de Kate vuelven con su mercadillo de segunda mano &#8216;Contigo pan y cebolla&#8217;. La cita es este s\u00e1bado,\u00a0 d\u00eda 12, de 10.30 a 14 horas en la sede de su Kate&#8217;s Bazaar, que no est\u00e1 en la tienda sino enl a calel M\u00e1rtires (junto al Museo [&hellip;]<\/p>\n","protected":false},"author":24,"featured_media":0,"comment_status":"open","ping_status":"closed","sticky":false,"template":"","format":"standard","meta":[],"categories":[4,7],"tags":[1823,1878,2191,2216,2519],"_links":{"self":[{"href":"https:\/\/blogs.diariosur.es\/-que-le-compro-\/wp-json\/wp\/v2\/posts\/1603"}],"collection":[{"href":"https:\/\/blogs.diariosur.es\/-que-le-compro-\/wp-json\/wp\/v2\/posts"}],"about":[{"href":"https:\/\/blogs.diariosur.es\/-que-le-compro-\/wp-json\/wp\/v2\/types\/post"}],"author":[{"embeddable":true,"href":"https:\/\/blogs.diariosur.es\/-que-le-compro-\/wp-json\/wp\/v2\/users\/24"}],"replies":[{"embeddable":true,"href":"https:\/\/blogs.diariosur.es\/-que-le-compro-\/wp-json\/wp\/v2\/comments?post=1603"}],"version-history":[{"count":0,"href":"https:\/\/blogs.diariosur.es\/-que-le-compro-\/wp-json\/wp\/v2\/posts\/1603\/revisions"}],"wp:attachment":[{"href":"https:\/\/blogs.diariosur.es\/-que-le-compro-\/wp-json\/wp\/v2\/media?parent=1603"}],"wp:term":[{"taxonomy":"category","embeddable":true,"href":"https:\/\/blogs.diariosur.es\/-que-le-compro-\/wp-json\/wp\/v2\/categories?post=1603"},{"taxonomy":"post_tag","embeddable":true,"href":"https:\/\/blogs.diariosur.es\/-que-le-compro-\/wp-json\/wp\/v2\/tags?post=1603"}],"curies":[{"name":"wp","href":"https:\/\/api.w.org\/{rel}","templated":true}]}}