{"id":1605,"date":"2013-01-13T07:24:17","date_gmt":"2013-01-13T06:24:17","guid":{"rendered":"http:\/\/blogs.diariosur.es\/-que-le-compro-\/?p=1605"},"modified":"2013-01-13T07:24:17","modified_gmt":"2013-01-13T06:24:17","slug":"mercadillo-banos-del-carmen-en-el-palo-y-de-artesanos-en-muelle-uno","status":"publish","type":"post","link":"https:\/\/blogs.diariosur.es\/-que-le-compro-\/2013\/01\/13\/mercadillo-banos-del-carmen-en-el-palo-y-de-artesanos-en-muelle-uno\/","title":{"rendered":"Mercadillo Ba\u00f1os del Carmen en El Palo. Suspendido el Zoco de Muelle Uno"},"content":{"rendered":"<p><span style=\"color: #333399;\">Ya han pasado las Navidades pero en M\u00e1laga este domingo vamos a poder seguir disfrutando de dos mercadillos. Porque coincide la edici\u00f3n mensual del mercadillo Ba\u00f1os del Carmen (que excepcionalmente este enero se celebra el segundo domingo del mes y no el primero) con una nueva edici\u00f3n de la muestra de artesan\u00eda de la <strong>Asociaci\u00f3n \u00a0{Re} Uni\u00f3n de Creadores.<\/strong> Como sab\u00e9is en invierno esta iniciativa tiene lugar todos los domingos en <span style=\"font-size: medium;\">Muelle Uno<\/span> (en la entrada por la calle V\u00e9lez-M\u00e1laga) con distintos participantes y sorpresas <strong>de 11 a 16 horas.<\/strong><\/span><\/p>\n<p><span style=\"color: #333399;\">Y tambi\u00e9n en Muelle Uno, y con el mismo horario, iba a tener \u00a0lugar la edici\u00f3n mensual del Zoco de este recinto, con artesan\u00eda, vintage, moda y mucho m\u00e1s, pero se ha suspendido a \u00faltima hora por la lluvia ca\u00edda esta noche.<\/span><\/p>\n<p><a href=\"\/-que-le-compro-\/wp-content\/uploads\/sites\/19\/2013\/01\/mercadillobc-cartel.jpg\"><img loading=\"lazy\" class=\"aligncenter size-full wp-image-1606\" title=\"Mercadillo Ba\u00f1os del Carmen en El Palo, 13 de enero\" src=\"\/-que-le-compro-\/wp-content\/uploads\/sites\/19\/2013\/01\/mercadillobc-cartel.jpg\" alt=\"\" width=\"450\" height=\"400\" srcset=\"https:\/\/static-blogs.diariosur.es\/wp-content\/uploads\/sites\/19\/2013\/01\/mercadillobc-cartel.jpg 450w, https:\/\/static-blogs.diariosur.es\/wp-content\/uploads\/sites\/19\/2013\/01\/mercadillobc-cartel-300x267.jpg 300w\" sizes=\"(max-width: 450px) 100vw, 450px\" \/><\/a><\/p>\n<p>&nbsp;<\/p>\n<p>P<span style=\"color: #333399;\">or su parte, el <\/span><span style=\"font-size: medium;\"><strong>mercadillo Ba\u00f1os del Carmen<\/strong><\/span><span style=\"color: #333399;\"> vuelve al Paseo Mar\u00edtimo de El Palo (ya sab\u00e9is, en la calle Quitapenas, cerca del colegio La Milagrosa y el restaurante Carrasco) \u00a0<\/span><span style=\"text-decoration: underline; color: #333399;\">de 10 a 15 horas<\/span><span style=\"color: #333399;\"> con moda, complementos, bisuter\u00eda, accesorios para el beb\u00e9, reposter\u00eda y mucho m\u00e1s. Este domingo, como novedad, estar\u00e1 La Cantina Biol\u00f3gica.<\/span><\/p>\n<p><span style=\"color: #333399;\">Y por cierto que las organizadoras de este mercadillo buscan nuevos participantes de los sectores de decoraci\u00f3n, muebles, alimentaci\u00f3n, plantas arom\u00e1ticas, y toallas. <em>Si est\u00e1s interesado en unirte, solo tienes que mandar un <\/em><\/span><em><a href=\"mailto:banosdelcarmenmarket@hotmail.com\">correo electr\u00f3nico aqu\u00ed.<\/a><\/em><\/p>\n<p><span style=\"color: #333399;\">\u00a1Buen domingo!<\/span><\/p>\n<p>&nbsp;<\/p>\n","protected":false},"excerpt":{"rendered":"<p>Ya han pasado las Navidades pero en M\u00e1laga este domingo vamos a poder seguir disfrutando de dos mercadillos. Porque coincide la edici\u00f3n mensual del mercadillo Ba\u00f1os del Carmen (que excepcionalmente este enero se celebra el segundo domingo del mes y no el primero) con una nueva edici\u00f3n de la muestra de artesan\u00eda de la Asociaci\u00f3n [&hellip;]<\/p>\n","protected":false},"author":24,"featured_media":0,"comment_status":"open","ping_status":"closed","sticky":false,"template":"","format":"standard","meta":[],"categories":[4,6],"tags":[318,1854,2181,2182,2559],"_links":{"self":[{"href":"https:\/\/blogs.diariosur.es\/-que-le-compro-\/wp-json\/wp\/v2\/posts\/1605"}],"collection":[{"href":"https:\/\/blogs.diariosur.es\/-que-le-compro-\/wp-json\/wp\/v2\/posts"}],"about":[{"href":"https:\/\/blogs.diariosur.es\/-que-le-compro-\/wp-json\/wp\/v2\/types\/post"}],"author":[{"embeddable":true,"href":"https:\/\/blogs.diariosur.es\/-que-le-compro-\/wp-json\/wp\/v2\/users\/24"}],"replies":[{"embeddable":true,"href":"https:\/\/blogs.diariosur.es\/-que-le-compro-\/wp-json\/wp\/v2\/comments?post=1605"}],"version-history":[{"count":0,"href":"https:\/\/blogs.diariosur.es\/-que-le-compro-\/wp-json\/wp\/v2\/posts\/1605\/revisions"}],"wp:attachment":[{"href":"https:\/\/blogs.diariosur.es\/-que-le-compro-\/wp-json\/wp\/v2\/media?parent=1605"}],"wp:term":[{"taxonomy":"category","embeddable":true,"href":"https:\/\/blogs.diariosur.es\/-que-le-compro-\/wp-json\/wp\/v2\/categories?post=1605"},{"taxonomy":"post_tag","embeddable":true,"href":"https:\/\/blogs.diariosur.es\/-que-le-compro-\/wp-json\/wp\/v2\/tags?post=1605"}],"curies":[{"name":"wp","href":"https:\/\/api.w.org\/{rel}","templated":true}]}}