{"id":1608,"date":"2013-01-14T11:22:05","date_gmt":"2013-01-14T10:22:05","guid":{"rendered":"http:\/\/blogs.diariosur.es\/-que-le-compro-\/?p=1608"},"modified":"2013-01-14T11:22:05","modified_gmt":"2013-01-14T10:22:05","slug":"inscripciones-para-el-mercadillo-plaza-activa-19-de-enero","status":"publish","type":"post","link":"https:\/\/blogs.diariosur.es\/-que-le-compro-\/2013\/01\/14\/inscripciones-para-el-mercadillo-plaza-activa-19-de-enero\/","title":{"rendered":"Inscripciones para el mercadillo Plaza Activa, 19 de enero"},"content":{"rendered":"<p><span style=\"color: #333399;\">Si eres dise\u00f1ador y quieres mostrar tu trabajo en M\u00e1laga, toma nota, porque este s\u00e1bado, 19 de enero, vuelve el mercadillo Plaza Activa y las inscripciones para participar ya est\u00e1n abiertas. El horario ser\u00e1 <strong>de 12 de la ma\u00f1ana a ocho de la tarde<\/strong>, y el escenario el de siempre, la <span style=\"text-decoration: underline;\">plaza San Pedro Alc\u00e1ntara<\/span>, entre las c\u00e9ntricas calles Carreter\u00eda y \u00c1lamos.<\/span><\/p>\n<p><span style=\"color: #333399;\">Si quieres exhibir y poner a la venta tus creaciones en un stand, puedes<strong><span style=\"font-size: medium;\"><a href=\"mailto:plazaactivamlg@gmail.com\"><span style=\"color: #333399;\"> contactar con la organizaci\u00f3n a trav\u00e9s de este correo electr\u00f3nico\u00a0<\/span><\/a><\/span><\/strong><\/span><\/p>\n<p><span style=\"color: #333399;\">Y a los fans de los mercadillos ya sab\u00e9is: \u00a1este s\u00e1bado ten\u00e9is una cita en el Centro!<\/span><\/p>\n<p><a href=\"\/-que-le-compro-\/wp-content\/uploads\/sites\/19\/2013\/01\/plaza-activa.jpg\"><img loading=\"lazy\" class=\"aligncenter size-full wp-image-1609\" title=\"Plaza Activa 19 de enero, en el Centro de M\u00e1laga\" src=\"\/-que-le-compro-\/wp-content\/uploads\/sites\/19\/2013\/01\/plaza-activa.jpg\" alt=\"\" width=\"286\" height=\"400\" srcset=\"https:\/\/static-blogs.diariosur.es\/wp-content\/uploads\/sites\/19\/2013\/01\/plaza-activa.jpg 286w, https:\/\/static-blogs.diariosur.es\/wp-content\/uploads\/sites\/19\/2013\/01\/plaza-activa-215x300.jpg 215w\" sizes=\"(max-width: 286px) 100vw, 286px\" \/><\/a><\/p>\n","protected":false},"excerpt":{"rendered":"<p>Si eres dise\u00f1ador y quieres mostrar tu trabajo en M\u00e1laga, toma nota, porque este s\u00e1bado, 19 de enero, vuelve el mercadillo Plaza Activa y las inscripciones para participar ya est\u00e1n abiertas. El horario ser\u00e1 de 12 de la ma\u00f1ana a ocho de la tarde, y el escenario el de siempre, la plaza San Pedro Alc\u00e1ntara, [&hellip;]<\/p>\n","protected":false},"author":24,"featured_media":0,"comment_status":"open","ping_status":"closed","sticky":false,"template":"","format":"standard","meta":[],"categories":[4],"tags":[2359,2576,2952,2972],"_links":{"self":[{"href":"https:\/\/blogs.diariosur.es\/-que-le-compro-\/wp-json\/wp\/v2\/posts\/1608"}],"collection":[{"href":"https:\/\/blogs.diariosur.es\/-que-le-compro-\/wp-json\/wp\/v2\/posts"}],"about":[{"href":"https:\/\/blogs.diariosur.es\/-que-le-compro-\/wp-json\/wp\/v2\/types\/post"}],"author":[{"embeddable":true,"href":"https:\/\/blogs.diariosur.es\/-que-le-compro-\/wp-json\/wp\/v2\/users\/24"}],"replies":[{"embeddable":true,"href":"https:\/\/blogs.diariosur.es\/-que-le-compro-\/wp-json\/wp\/v2\/comments?post=1608"}],"version-history":[{"count":0,"href":"https:\/\/blogs.diariosur.es\/-que-le-compro-\/wp-json\/wp\/v2\/posts\/1608\/revisions"}],"wp:attachment":[{"href":"https:\/\/blogs.diariosur.es\/-que-le-compro-\/wp-json\/wp\/v2\/media?parent=1608"}],"wp:term":[{"taxonomy":"category","embeddable":true,"href":"https:\/\/blogs.diariosur.es\/-que-le-compro-\/wp-json\/wp\/v2\/categories?post=1608"},{"taxonomy":"post_tag","embeddable":true,"href":"https:\/\/blogs.diariosur.es\/-que-le-compro-\/wp-json\/wp\/v2\/tags?post=1608"}],"curies":[{"name":"wp","href":"https:\/\/api.w.org\/{rel}","templated":true}]}}