{"id":1628,"date":"2013-01-16T19:33:23","date_gmt":"2013-01-16T18:33:23","guid":{"rendered":"http:\/\/blogs.diariosur.es\/-que-le-compro-\/?p=1628"},"modified":"2013-01-16T19:33:23","modified_gmt":"2013-01-16T18:33:23","slug":"gayskelly-y-spaggaytty-munecos-gays-de-peluche-por-enrique-del-pozo","status":"publish","type":"post","link":"https:\/\/blogs.diariosur.es\/-que-le-compro-\/2013\/01\/16\/gayskelly-y-spaggaytty-munecos-gays-de-peluche-por-enrique-del-pozo\/","title":{"rendered":"Gayskelly y Spaggaytty, mu\u00f1ecos gays de peluche, por Enrique del Pozo"},"content":{"rendered":"<p><span style=\"color: #333399;\">No son unos peluches al uso, pero van a dar mucho que hablar. Sus nombres son dif\u00edciles de pronunciar (y m\u00e1s de escribir), pero lo que importa de verdad es su mensaje. Son \u00a0<span style=\"font-size: medium;\"><strong>Gayskelly<\/strong> y <strong>Spaggaytty<\/strong><\/span>, dos mu\u00f1ecos de peluche, chico y chica, que son novios. Hasta ah\u00ed la historia de siempre, pero lo original en esta ocasi\u00f3n es que \u00a0cada uno proviene de una familia formada por dos pap\u00e1s y dos mam\u00e1s. Es decir, son las<strong> primeras mascotas LGTB<\/strong>, \u00a0con las que se pretende lanzar un &#8220;mensaje de normalizaci\u00f3n&#8221;.<\/span><\/p>\n<p><span style=\"color: #333399;\">Los primeros mu\u00f1ecos gays, dirigidos a ni\u00f1os y mayores, se han presentado en Madrid en el marco de\u00a0INTERGIFT, Sal\u00f3n Internacional del Regalo y la Decoraci\u00f3n, que se celebra hasta el pr\u00f3ximo domingo 20. Ambos tienen el pelo con los colores de la bandera del arcoiris y, como todo personaje animado que se precie, adem\u00e1s de mu\u00f1ecos cuenta con una l\u00edena de bolsos, maletas y mochilas. <\/span><\/p>\n<p><span style=\"color: #333399;\">Su art\u00edfice es el televisivo <strong>Enrique del Pozo<\/strong>, s\u00ed, aquel que en su d\u00eda form\u00f3 parte del inolvidable d\u00fao Enrique y Ana, que cantaba para los ni\u00f1os.<\/span><\/p>\n<p><a href=\"\/-que-le-compro-\/wp-content\/uploads\/sites\/19\/2013\/01\/munecos-gays.jpg\"><img loading=\"lazy\" class=\"aligncenter size-full wp-image-1629\" title=\"Gayskelly y Spaggaytty, los primeros mu\u00f1ecos gays\" src=\"\/-que-le-compro-\/wp-content\/uploads\/sites\/19\/2013\/01\/munecos-gays.jpg\" alt=\"\" width=\"560\" height=\"427\" srcset=\"https:\/\/static-blogs.diariosur.es\/wp-content\/uploads\/sites\/19\/2013\/01\/munecos-gays.jpg 560w, https:\/\/static-blogs.diariosur.es\/wp-content\/uploads\/sites\/19\/2013\/01\/munecos-gays-300x229.jpg 300w\" sizes=\"(max-width: 560px) 100vw, 560px\" \/><\/a><\/p>\n<p>&nbsp;<\/p>\n<p>&nbsp;<\/p>\n<p>&nbsp;<\/p>\n<p>&nbsp;<\/p>\n<p>https:\/\/www.facebook.com\/gayskelly<\/p>\n<p>&nbsp;<\/p>\n<p>&nbsp;<\/p>\n","protected":false},"excerpt":{"rendered":"<p>No son unos peluches al uso, pero van a dar mucho que hablar. Sus nombres son dif\u00edciles de pronunciar (y m\u00e1s de escribir), pero lo que importa de verdad es su mensaje. Son \u00a0Gayskelly y Spaggaytty, dos mu\u00f1ecos de peluche, chico y chica, que son novios. Hasta ah\u00ed la historia de siempre, pero lo original [&hellip;]<\/p>\n","protected":false},"author":24,"featured_media":0,"comment_status":"open","ping_status":"closed","sticky":false,"template":"","format":"standard","meta":[],"categories":[5,6],"tags":[1267,1535,1681,1731,1962,2136,2602,3298],"_links":{"self":[{"href":"https:\/\/blogs.diariosur.es\/-que-le-compro-\/wp-json\/wp\/v2\/posts\/1628"}],"collection":[{"href":"https:\/\/blogs.diariosur.es\/-que-le-compro-\/wp-json\/wp\/v2\/posts"}],"about":[{"href":"https:\/\/blogs.diariosur.es\/-que-le-compro-\/wp-json\/wp\/v2\/types\/post"}],"author":[{"embeddable":true,"href":"https:\/\/blogs.diariosur.es\/-que-le-compro-\/wp-json\/wp\/v2\/users\/24"}],"replies":[{"embeddable":true,"href":"https:\/\/blogs.diariosur.es\/-que-le-compro-\/wp-json\/wp\/v2\/comments?post=1628"}],"version-history":[{"count":0,"href":"https:\/\/blogs.diariosur.es\/-que-le-compro-\/wp-json\/wp\/v2\/posts\/1628\/revisions"}],"wp:attachment":[{"href":"https:\/\/blogs.diariosur.es\/-que-le-compro-\/wp-json\/wp\/v2\/media?parent=1628"}],"wp:term":[{"taxonomy":"category","embeddable":true,"href":"https:\/\/blogs.diariosur.es\/-que-le-compro-\/wp-json\/wp\/v2\/categories?post=1628"},{"taxonomy":"post_tag","embeddable":true,"href":"https:\/\/blogs.diariosur.es\/-que-le-compro-\/wp-json\/wp\/v2\/tags?post=1628"}],"curies":[{"name":"wp","href":"https:\/\/api.w.org\/{rel}","templated":true}]}}