{"id":1631,"date":"2013-01-18T10:16:46","date_gmt":"2013-01-18T09:16:46","guid":{"rendered":"http:\/\/blogs.diariosur.es\/-que-le-compro-\/?p=1631"},"modified":"2013-01-18T10:16:46","modified_gmt":"2013-01-18T09:16:46","slug":"sabado-gypsy-en-la-habitacion-de-kate-mercadillo-y-rebajas","status":"publish","type":"post","link":"https:\/\/blogs.diariosur.es\/-que-le-compro-\/2013\/01\/18\/sabado-gypsy-en-la-habitacion-de-kate-mercadillo-y-rebajas\/","title":{"rendered":"S\u00e1bado gypsy en La habitaci\u00f3n de Kate: mercadillo y rebajas"},"content":{"rendered":"<div class=\"addthis_toolbox addthis_default_style \"><a class=\"addthis_button_facebook_like\" fb:like:layout=\"button_count\"><\/a><a class=\"addthis_button_tweet\"><\/a><a class=\"addthis_button_google_plusone\" g:plusone:size=\"medium\"><\/a><a class=\"addthis_counter addthis_pill_style\"><\/a><\/div>\n<p><script type=\"text\/javascript\">\/\/ <![CDATA[\n var addthis_config = {\"data_track_clickback\":true,\"data_track_addressbar\":false,\"data_track_textcopy\":false,\"ui_atversion\":\"300\"}; var addthis_product = 'wpp-3.0.2';\n\/\/ ]]><\/script><script type=\"text\/javascript\" src=\"\/\/s7.addthis.com\/js\/300\/addthis_widget.js#pubid=ra-50fc27702fb34fca\"><\/script><\/p>\n<p><span style=\"color: #333399;\">\u00bfTienes plan para este s\u00e1bado por la ma\u00f1ana? Pues intenta hacer un hueco porque seguro merecer\u00e1 la pena. Porque de <span style=\"text-decoration: underline;\">10.30 de la ma\u00f1ana a dos de la tarde,<\/span> en <strong>La habitaci\u00f3n de Kate<\/strong> (calle Oller\u00edas 12) celebran lo que han llamado <strong>S\u00e1bado Gypsy.<\/strong><\/span><\/p>\n<p><span style=\"color: #333399;\">\u00bfEn qu\u00e9 consiste? En juntar &#8216; lo mejorcito&#8217; de su mercadillo de segunda mano, &#8216;Contigo Pan y Cebolla&#8217;, con las rebajas de la tienda en un mismo local. As\u00ed que podr\u00e9is encontrar moda y complementos\u00a0vintage, art\u00edculos de decoraci\u00f3n y mucho m\u00e1s compartiendo espacio en pleno Centro de M\u00e1laga. \u00a1Avisad@s qued\u00e1is! <\/span><\/p>\n<p><a href=\"\/-que-le-compro-\/wp-content\/uploads\/sites\/19\/2013\/01\/mercadillo-kate1.jpg\"><img loading=\"lazy\" class=\"aligncenter size-full wp-image-1632\" title=\"S\u00e1bado gypsy en La habitaci\u00f3n de Kate, 19 de enero\" src=\"\/-que-le-compro-\/wp-content\/uploads\/sites\/19\/2013\/01\/mercadillo-kate1.jpg\" alt=\"\" width=\"400\" height=\"283\" srcset=\"https:\/\/static-blogs.diariosur.es\/wp-content\/uploads\/sites\/19\/2013\/01\/mercadillo-kate1.jpg 400w, https:\/\/static-blogs.diariosur.es\/wp-content\/uploads\/sites\/19\/2013\/01\/mercadillo-kate1-300x212.jpg 300w\" sizes=\"(max-width: 400px) 100vw, 400px\" \/><\/a><\/p>\n","protected":false},"excerpt":{"rendered":"<p>\u00bfTienes plan para este s\u00e1bado por la ma\u00f1ana? Pues intenta hacer un hueco porque seguro merecer\u00e1 la pena. Porque de 10.30 de la ma\u00f1ana a dos de la tarde, en La habitaci\u00f3n de Kate (calle Oller\u00edas 12) celebran lo que han llamado S\u00e1bado Gypsy. \u00bfEn qu\u00e9 consiste? En juntar &#8216; lo mejorcito&#8217; de su mercadillo [&hellip;]<\/p>\n","protected":false},"author":24,"featured_media":0,"comment_status":"open","ping_status":"closed","sticky":false,"template":"","format":"standard","meta":[],"categories":[4,7],"tags":[1878,2191,2216,3143,3288],"_links":{"self":[{"href":"https:\/\/blogs.diariosur.es\/-que-le-compro-\/wp-json\/wp\/v2\/posts\/1631"}],"collection":[{"href":"https:\/\/blogs.diariosur.es\/-que-le-compro-\/wp-json\/wp\/v2\/posts"}],"about":[{"href":"https:\/\/blogs.diariosur.es\/-que-le-compro-\/wp-json\/wp\/v2\/types\/post"}],"author":[{"embeddable":true,"href":"https:\/\/blogs.diariosur.es\/-que-le-compro-\/wp-json\/wp\/v2\/users\/24"}],"replies":[{"embeddable":true,"href":"https:\/\/blogs.diariosur.es\/-que-le-compro-\/wp-json\/wp\/v2\/comments?post=1631"}],"version-history":[{"count":0,"href":"https:\/\/blogs.diariosur.es\/-que-le-compro-\/wp-json\/wp\/v2\/posts\/1631\/revisions"}],"wp:attachment":[{"href":"https:\/\/blogs.diariosur.es\/-que-le-compro-\/wp-json\/wp\/v2\/media?parent=1631"}],"wp:term":[{"taxonomy":"category","embeddable":true,"href":"https:\/\/blogs.diariosur.es\/-que-le-compro-\/wp-json\/wp\/v2\/categories?post=1631"},{"taxonomy":"post_tag","embeddable":true,"href":"https:\/\/blogs.diariosur.es\/-que-le-compro-\/wp-json\/wp\/v2\/tags?post=1631"}],"curies":[{"name":"wp","href":"https:\/\/api.w.org\/{rel}","templated":true}]}}