{"id":1640,"date":"2013-01-22T19:25:26","date_gmt":"2013-01-22T18:25:26","guid":{"rendered":"http:\/\/blogs.diariosur.es\/-que-le-compro-\/?p=1640"},"modified":"2013-01-22T19:25:26","modified_gmt":"2013-01-22T18:25:26","slug":"huellas-solidarias-peluches-baratos-por-una-buena-causa","status":"publish","type":"post","link":"https:\/\/blogs.diariosur.es\/-que-le-compro-\/2013\/01\/22\/huellas-solidarias-peluches-baratos-por-una-buena-causa\/","title":{"rendered":"Huellas Solidarias, perros de peluche por una buena causa"},"content":{"rendered":"<div class=\"addthis_toolbox addthis_default_style \"><a class=\"addthis_button_facebook_like\" fb:like:layout=\"button_count\"><\/a><a class=\"addthis_button_tweet\"><\/a><a class=\"addthis_button_google_plusone\" g:plusone:size=\"medium\"><\/a><a class=\"addthis_counter addthis_pill_style\"><\/a><\/div>\n<p><script type=\"text\/javascript\">\/\/ <![CDATA[\nvar addthis_config = {\"data_track_clickback\":true,\"data_track_addressbar\":false,\"data_track_textcopy\":false,\"ui_atversion\":\"300\"}; var addthis_product = 'wpp-3.0.2';\n\/\/ ]]><\/script><script type=\"text\/javascript\" src=\"\/\/s7.addthis.com\/js\/300\/addthis_widget.js#pubid=ra-50fc27702fb34fca\"><\/script><\/p>\n<p><span style=\"color: #333399;\">Entre las muchas causas a las que poder ayudar, hoy os presento una iniciativa solidaria con la que colaborar de manera f\u00e1cil y barata, y adem\u00e1s de paso os da la posibilidad de hacer un regalo barato y muy tierno para los m\u00e1s peques.<\/span><\/p>\n<p><span style=\"color: #333399;\"> La campa\u00f1a se llama <span style=\"font-size: medium;\"><strong>Huellas Solidarias<\/strong><\/span> y surge de la colaboraci\u00f3n entre la <strong><span style=\"font-size: small;\">Fundaci\u00f3n Bocal\u00e1n<\/span><\/strong> y la Fundaci\u00f3n Solidaridad Carrefour. Tiene como objetivo la entrega de perros de asistencia a ni\u00f1os con discapacidad y el desarrollo de programas de terapia asistida con animales en toda Espa\u00f1a.<\/span><\/p>\n<p><span style=\"color: #333399;\"> \u00bfC\u00f3mo se puede participar? Muy f\u00e1cil: adquiriendo los perritos de peluche que encontrar\u00e9is junto a la zona de cajas en los hipermercados <strong>Carrefour.<\/strong><\/span><\/p>\n<p><a href=\"\/-que-le-compro-\/wp-content\/uploads\/sites\/19\/2013\/01\/peluches-carrefour.jpg\"><img loading=\"lazy\" class=\"aligncenter size-full wp-image-1642\" title=\"Stand de los peluches en la zona de cajas\" src=\"\/-que-le-compro-\/wp-content\/uploads\/sites\/19\/2013\/01\/peluches-carrefour.jpg\" alt=\"\" width=\"450\" height=\"270\" srcset=\"https:\/\/static-blogs.diariosur.es\/wp-content\/uploads\/sites\/19\/2013\/01\/peluches-carrefour.jpg 450w, https:\/\/static-blogs.diariosur.es\/wp-content\/uploads\/sites\/19\/2013\/01\/peluches-carrefour-300x180.jpg 300w\" sizes=\"(max-width: 450px) 100vw, 450px\" \/><\/a><\/p>\n<p>&nbsp;<\/p>\n<p><span style=\"color: #000080;\">Seguramente os llamar\u00e1n la atenci\u00f3n a primera vista por su ternura y precio (solo cuestan 3,90), pero si os fij\u00e1is en la etiqueta dif\u00edcil ser\u00e1 que no os vay\u00e1is a casa por uno, porque cuentan su historia y su finalidad. Hay varios modelos diferentes, cada uno con un nombre especial: <span style=\"font-size: medium;\">Rumba, Smartie, Pamplinas<\/span>\u2026 y la recaudaci\u00f3n \u00edntegra de su venta se destinar\u00e1 a este proyecto \u00a0de adiestramiento de perros de asistencia.<\/span><\/p>\n<p><span style=\"color: #000080;\">Aqu\u00ed pod\u00e9is ver en fotos c\u00f3mo son:<\/span><\/p>\n<div id=\"attachment_1641\" style=\"width: 560px\" class=\"wp-caption aligncenter\"><a href=\"\/-que-le-compro-\/wp-content\/uploads\/sites\/19\/2013\/01\/peluche1.jpg\"><img aria-describedby=\"caption-attachment-1641\" loading=\"lazy\" class=\"size-full wp-image-1641\" title=\"El peluche, con su etiqueta identificativa\" src=\"\/-que-le-compro-\/wp-content\/uploads\/sites\/19\/2013\/01\/peluche1.jpg\" alt=\"\" width=\"550\" height=\"425\" srcset=\"https:\/\/static-blogs.diariosur.es\/wp-content\/uploads\/sites\/19\/2013\/01\/peluche1.jpg 550w, https:\/\/static-blogs.diariosur.es\/wp-content\/uploads\/sites\/19\/2013\/01\/peluche1-300x232.jpg 300w\" sizes=\"(max-width: 550px) 100vw, 550px\" \/><\/a><p id=\"caption-attachment-1641\" class=\"wp-caption-text\">El peluche, con su etiqueta identificativa<\/p><\/div>\n<p>&nbsp;<\/p>\n<p>&nbsp;<\/p>\n<div id=\"attachment_1643\" style=\"width: 460px\" class=\"wp-caption aligncenter\"><a href=\"\/-que-le-compro-\/wp-content\/uploads\/sites\/19\/2013\/01\/peluche2.jpg\"><img aria-describedby=\"caption-attachment-1643\" loading=\"lazy\" class=\"size-full wp-image-1643\" title=\"Detalle en el arn\u00e9s sobre la Fundaci\u00f3n Bocal\u00e1n\" src=\"\/-que-le-compro-\/wp-content\/uploads\/sites\/19\/2013\/01\/peluche2.jpg\" alt=\"\" width=\"450\" height=\"253\" srcset=\"https:\/\/static-blogs.diariosur.es\/wp-content\/uploads\/sites\/19\/2013\/01\/peluche2.jpg 450w, https:\/\/static-blogs.diariosur.es\/wp-content\/uploads\/sites\/19\/2013\/01\/peluche2-300x169.jpg 300w\" sizes=\"(max-width: 450px) 100vw, 450px\" \/><\/a><p id=\"caption-attachment-1643\" class=\"wp-caption-text\">Detalle en el arn\u00e9s sobre la Fundaci\u00f3n Bocal\u00e1n<\/p><\/div>\n<p>&nbsp;<\/p>\n<div id=\"attachment_1645\" style=\"width: 460px\" class=\"wp-caption aligncenter\"><a href=\"\/-que-le-compro-\/wp-content\/uploads\/sites\/19\/2013\/01\/peluche3.jpg\"><img aria-describedby=\"caption-attachment-1645\" loading=\"lazy\" class=\"size-full wp-image-1645\" title=\"Rumba, uno de los cachorros de esta campa\u00f1a\" src=\"\/-que-le-compro-\/wp-content\/uploads\/sites\/19\/2013\/01\/peluche3.jpg\" alt=\"Rumba, uno de los cachorros de esta campa\u00f1a\" width=\"450\" height=\"297\" srcset=\"https:\/\/static-blogs.diariosur.es\/wp-content\/uploads\/sites\/19\/2013\/01\/peluche3.jpg 450w, https:\/\/static-blogs.diariosur.es\/wp-content\/uploads\/sites\/19\/2013\/01\/peluche3-300x198.jpg 300w\" sizes=\"(max-width: 450px) 100vw, 450px\" \/><\/a><p id=\"caption-attachment-1645\" class=\"wp-caption-text\">Rumba, uno de los cachorros de esta campa\u00f1a<\/p><\/div>\n<p>&nbsp;<\/p>\n<p><span style=\"color: #333399;\">\u00bfNo os parece una manera muy tierna de colaborar en una gran causa?<\/span><\/p>\n","protected":false},"excerpt":{"rendered":"<p>Entre las muchas causas a las que poder ayudar, hoy os presento una iniciativa solidaria con la que colaborar de manera f\u00e1cil y barata, y adem\u00e1s de paso os da la posibilidad de hacer un regalo barato y muy tierno para los m\u00e1s peques. La campa\u00f1a se llama Huellas Solidarias y surge de la colaboraci\u00f3n [&hellip;]<\/p>\n","protected":false},"author":24,"featured_media":0,"comment_status":"open","ping_status":"closed","sticky":false,"template":"","format":"standard","meta":[],"categories":[5,6],"tags":[630,1495,1508,1657,2893,2915],"_links":{"self":[{"href":"https:\/\/blogs.diariosur.es\/-que-le-compro-\/wp-json\/wp\/v2\/posts\/1640"}],"collection":[{"href":"https:\/\/blogs.diariosur.es\/-que-le-compro-\/wp-json\/wp\/v2\/posts"}],"about":[{"href":"https:\/\/blogs.diariosur.es\/-que-le-compro-\/wp-json\/wp\/v2\/types\/post"}],"author":[{"embeddable":true,"href":"https:\/\/blogs.diariosur.es\/-que-le-compro-\/wp-json\/wp\/v2\/users\/24"}],"replies":[{"embeddable":true,"href":"https:\/\/blogs.diariosur.es\/-que-le-compro-\/wp-json\/wp\/v2\/comments?post=1640"}],"version-history":[{"count":0,"href":"https:\/\/blogs.diariosur.es\/-que-le-compro-\/wp-json\/wp\/v2\/posts\/1640\/revisions"}],"wp:attachment":[{"href":"https:\/\/blogs.diariosur.es\/-que-le-compro-\/wp-json\/wp\/v2\/media?parent=1640"}],"wp:term":[{"taxonomy":"category","embeddable":true,"href":"https:\/\/blogs.diariosur.es\/-que-le-compro-\/wp-json\/wp\/v2\/categories?post=1640"},{"taxonomy":"post_tag","embeddable":true,"href":"https:\/\/blogs.diariosur.es\/-que-le-compro-\/wp-json\/wp\/v2\/tags?post=1640"}],"curies":[{"name":"wp","href":"https:\/\/api.w.org\/{rel}","templated":true}]}}