{"id":1647,"date":"2013-01-26T19:01:15","date_gmt":"2013-01-26T18:01:15","guid":{"rendered":"http:\/\/blogs.diariosur.es\/-que-le-compro-\/?p=1647"},"modified":"2013-01-26T19:01:15","modified_gmt":"2013-01-26T18:01:15","slug":"crafts-market-malaga-craftsma-plaza-la-merced-27-de-enero","status":"publish","type":"post","link":"https:\/\/blogs.diariosur.es\/-que-le-compro-\/2013\/01\/26\/crafts-market-malaga-craftsma-plaza-la-merced-27-de-enero\/","title":{"rendered":"Dise\u00f1adores en la muestra Crafts Market M\u00e1laga (Craftsma) plaza de la Merced, este domingo"},"content":{"rendered":"<div class=\"addthis_toolbox addthis_default_style \"><a class=\"addthis_button_facebook_like\" fb:like:layout=\"button_count\"><\/a><a class=\"addthis_button_tweet\"><\/a><a class=\"addthis_button_google_plusone\" g:plusone:size=\"medium\"><\/a><a class=\"addthis_counter addthis_pill_style\"><\/a><\/div>\n<p><script type=\"text\/javascript\">\/\/ <![CDATA[\nvar addthis_config = {\"data_track_clickback\":true,\"data_track_addressbar\":false,\"data_track_textcopy\":false,\"ui_atversion\":\"300\"}; var addthis_product = 'wpp-3.0.2';\n\/\/ ]]><\/script><script type=\"text\/javascript\" src=\"\/\/s7.addthis.com\/js\/300\/addthis_widget.js#pubid=ra-50fc27702fb34fca\"><\/script><\/p>\n<p><span style=\"color: #000080;\">Este domingo, si la lluvia anunciada no lo impide, la plaza de la Merced volver\u00e1 a llenarse de artesan\u00eda, moda y distintos art\u00edculos de regalo con una nueva edici\u00f3n de <strong>Crafts Market M\u00e1laga (Craftsma)<\/strong>. La cita es de <span style=\"text-decoration: underline;\">10.30 a 17 horas,<\/span> ininterrumpidamente, y como novedad estrenar\u00e1 rinc\u00f3n vintage y habr\u00e1 m\u00e1s stands de reposter\u00eda creativa y alimentaci\u00f3n.<\/span><\/p>\n<p><span style=\"color: #000080;\">Este 27 de enero podr\u00e1 verse el trabajo de <strong>Dekosiluetas, La vaca dijo mu, Las manos de Conchi, Los Tesoros de Mei, Miabhu complementos, Carapau, Manos primorosas, Maripatch, Macavigu y Maricuela y<a href=\"https:\/\/blogs.diariosur.es\/-que-le-compro-\/2013\/01\/15\/pdadryus-zapatos-y-complementos-unicos-pintados-a-mano\/\"><span style=\"color: #000080;\"> Pd:Adryu&#8217;s<\/span><\/a>\u00a0<\/strong>entre otros dise\u00f1adores. Siempre merece dar una vuelta por este mercadillo en el que hay de todo, o casi, ya que puede encontrarse bolsos y otros complementos, bisuter\u00eda, accesorios para beb\u00e9s, distintos trabajos en arcilla polim\u00e9rica, patchwork y un largo etc\u00e9tera y a precios adem\u00e1s bastante asequibles.<\/span><\/p>\n<p><span style=\"color: #000080;\">As\u00ed que, \u00a1ya sab\u00e9is por d\u00f3nde ten\u00e9is que ir este domingo en el Centro de M\u00e1laga!<\/span><\/p>\n<p>&nbsp;<\/p>\n<div id=\"attachment_1648\" style=\"width: 422px\" class=\"wp-caption aligncenter\"><a href=\"\/-que-le-compro-\/wp-content\/uploads\/sites\/19\/2013\/01\/craftsma-27e.jpg\"><img aria-describedby=\"caption-attachment-1648\" loading=\"lazy\" class=\"size-full wp-image-1648\" title=\"Mercadillo Craftsma plaza de la Merced, 27 de enero\" src=\"\/-que-le-compro-\/wp-content\/uploads\/sites\/19\/2013\/01\/craftsma-27e.jpg\" alt=\"\" width=\"412\" height=\"580\" srcset=\"https:\/\/static-blogs.diariosur.es\/wp-content\/uploads\/sites\/19\/2013\/01\/craftsma-27e.jpg 412w, https:\/\/static-blogs.diariosur.es\/wp-content\/uploads\/sites\/19\/2013\/01\/craftsma-27e-213x300.jpg 213w\" sizes=\"(max-width: 412px) 100vw, 412px\" \/><\/a><p id=\"caption-attachment-1648\" class=\"wp-caption-text\">Cartel de la muestra Craftsma en la plaza de la Merced, 27 de enero<\/p><\/div>\n","protected":false},"excerpt":{"rendered":"<p>Este domingo, si la lluvia anunciada no lo impide, la plaza de la Merced volver\u00e1 a llenarse de artesan\u00eda, moda y distintos art\u00edculos de regalo con una nueva edici\u00f3n de Crafts Market M\u00e1laga (Craftsma). La cita es de 10.30 a 17 horas, ininterrumpidamente, y como novedad estrenar\u00e1 rinc\u00f3n vintage y habr\u00e1 m\u00e1s stands de reposter\u00eda [&hellip;]<\/p>\n","protected":false},"author":24,"featured_media":0,"comment_status":"open","ping_status":"closed","sticky":false,"template":"","format":"standard","meta":[],"categories":[4,6],"tags":[935,936,1037,1780,1913,2083,2115,2271,2359,2880,3536],"_links":{"self":[{"href":"https:\/\/blogs.diariosur.es\/-que-le-compro-\/wp-json\/wp\/v2\/posts\/1647"}],"collection":[{"href":"https:\/\/blogs.diariosur.es\/-que-le-compro-\/wp-json\/wp\/v2\/posts"}],"about":[{"href":"https:\/\/blogs.diariosur.es\/-que-le-compro-\/wp-json\/wp\/v2\/types\/post"}],"author":[{"embeddable":true,"href":"https:\/\/blogs.diariosur.es\/-que-le-compro-\/wp-json\/wp\/v2\/users\/24"}],"replies":[{"embeddable":true,"href":"https:\/\/blogs.diariosur.es\/-que-le-compro-\/wp-json\/wp\/v2\/comments?post=1647"}],"version-history":[{"count":0,"href":"https:\/\/blogs.diariosur.es\/-que-le-compro-\/wp-json\/wp\/v2\/posts\/1647\/revisions"}],"wp:attachment":[{"href":"https:\/\/blogs.diariosur.es\/-que-le-compro-\/wp-json\/wp\/v2\/media?parent=1647"}],"wp:term":[{"taxonomy":"category","embeddable":true,"href":"https:\/\/blogs.diariosur.es\/-que-le-compro-\/wp-json\/wp\/v2\/categories?post=1647"},{"taxonomy":"post_tag","embeddable":true,"href":"https:\/\/blogs.diariosur.es\/-que-le-compro-\/wp-json\/wp\/v2\/tags?post=1647"}],"curies":[{"name":"wp","href":"https:\/\/api.w.org\/{rel}","templated":true}]}}