{"id":1650,"date":"2013-01-28T10:38:18","date_gmt":"2013-01-28T09:38:18","guid":{"rendered":"http:\/\/blogs.diariosur.es\/-que-le-compro-\/?p=1650"},"modified":"2013-01-28T10:38:18","modified_gmt":"2013-01-28T09:38:18","slug":"mercadillo-banos-del-carmen-busca-nuevos-participantes-te-apuntas","status":"publish","type":"post","link":"https:\/\/blogs.diariosur.es\/-que-le-compro-\/2013\/01\/28\/mercadillo-banos-del-carmen-busca-nuevos-participantes-te-apuntas\/","title":{"rendered":"El Mercadillo Ba\u00f1os del Carmen busca nuevos participantes, \u00bfte apuntas?"},"content":{"rendered":"<div class=\"addthis_toolbox addthis_default_style \"><a class=\"addthis_button_facebook_like\" fb:like:layout=\"button_count\"><\/a><a class=\"addthis_button_tweet\"><\/a><a class=\"addthis_button_google_plusone\" g:plusone:size=\"medium\"><\/a><a class=\"addthis_counter addthis_pill_style\"><\/a><\/div>\n<p><script type=\"text\/javascript\">var addthis_config = {\"data_track_clickback\":true,\"data_track_addressbar\":false,\"data_track_textcopy\":false,\"ui_atversion\":\"300\"}; var addthis_product = 'wpp-3.0.2';<\/script><script type=\"text\/javascript\" src=\"\/\/s7.addthis.com\/js\/300\/addthis_widget.js#pubid=ra-50fc27702fb34fca\"><\/script><\/p>\n<p><span style=\"font-size: medium; color: #333399;\">El Mercadillo Ba\u00f1os del Carmen quiere seguir creciendo. La muestra artesanal, que se celebra como sab\u00e9is el primer domingo de cada mes en el Paseo Mar\u00edtimo de El Palo (en la calle Quitapenas, para ser exactos) ampl\u00eda su superficie y busca nuevos participantes. Concretamente, quieren contar con m\u00e1s expositores de alimentaci\u00f3n (tambi\u00e9n ecol\u00f3gica), muebles, menaje, decoraci\u00f3n del hogar, as\u00ed como con especialistas en libros, discos y plantas arom\u00e1ticas para ampliar su oferta al p\u00fablico, en la que predomina los complementos, la bisuter\u00eda y la moda.<\/span><\/p>\n<p><span style=\"font-size: medium; color: #333399;\"><strong>Si os interesa sumaros a este mercadillo solo ten\u00e9is que enviar un <a href=\"mailto:banosdelcarmenmarket@hotmail.com\"><span style=\"color: #333399;\">correo electr\u00f3nico aqu\u00ed<\/span><\/a><\/strong> para contactar con las organizadoras, Blanca Beneitez y Tina Su\u00e1rez.<\/span><\/p>\n<p>&nbsp;<\/p>\n<p><span style=\"color: #333399; font-size: large;\"><strong>Este domingo, edici\u00f3n de febrero<\/strong><\/span><\/p>\n<p><span style=\"color: #333399; font-size: medium;\">Y por cierto que este domingo es d\u00eda 3, as\u00ed que salvo imprevisto de \u00faltima hora se celebrar\u00e1 una nueva edici\u00f3n, en este caso la febrero de 2013, de este mercadillo de diez de la ma\u00f1ana a cuatro de la tarde. Y una vez m\u00e1s estar\u00e1n all\u00ed los \u00c1ngeles Malague\u00f1os de la Noche para que los que quieran puedan hacer sus donaciones. Esta vez piden especialmente mantas y prendas de abrigo.<\/span><\/p>\n<p><span style=\"color: #333399; font-size: medium;\">\u00a1Avisados qued\u00e1is!<\/span><\/p>\n","protected":false},"excerpt":{"rendered":"<p>El Mercadillo Ba\u00f1os del Carmen quiere seguir creciendo. La muestra artesanal, que se celebra como sab\u00e9is el primer domingo de cada mes en el Paseo Mar\u00edtimo de El Palo (en la calle Quitapenas, para ser exactos) ampl\u00eda su superficie y busca nuevos participantes. Concretamente, quieren contar con m\u00e1s expositores de alimentaci\u00f3n (tambi\u00e9n ecol\u00f3gica), muebles, menaje, [&hellip;]<\/p>\n","protected":false},"author":24,"featured_media":0,"comment_status":"open","ping_status":"closed","sticky":false,"template":"","format":"standard","meta":[],"categories":[4,6],"tags":[448,2138,2181,2223,2804,3756],"_links":{"self":[{"href":"https:\/\/blogs.diariosur.es\/-que-le-compro-\/wp-json\/wp\/v2\/posts\/1650"}],"collection":[{"href":"https:\/\/blogs.diariosur.es\/-que-le-compro-\/wp-json\/wp\/v2\/posts"}],"about":[{"href":"https:\/\/blogs.diariosur.es\/-que-le-compro-\/wp-json\/wp\/v2\/types\/post"}],"author":[{"embeddable":true,"href":"https:\/\/blogs.diariosur.es\/-que-le-compro-\/wp-json\/wp\/v2\/users\/24"}],"replies":[{"embeddable":true,"href":"https:\/\/blogs.diariosur.es\/-que-le-compro-\/wp-json\/wp\/v2\/comments?post=1650"}],"version-history":[{"count":0,"href":"https:\/\/blogs.diariosur.es\/-que-le-compro-\/wp-json\/wp\/v2\/posts\/1650\/revisions"}],"wp:attachment":[{"href":"https:\/\/blogs.diariosur.es\/-que-le-compro-\/wp-json\/wp\/v2\/media?parent=1650"}],"wp:term":[{"taxonomy":"category","embeddable":true,"href":"https:\/\/blogs.diariosur.es\/-que-le-compro-\/wp-json\/wp\/v2\/categories?post=1650"},{"taxonomy":"post_tag","embeddable":true,"href":"https:\/\/blogs.diariosur.es\/-que-le-compro-\/wp-json\/wp\/v2\/tags?post=1650"}],"curies":[{"name":"wp","href":"https:\/\/api.w.org\/{rel}","templated":true}]}}