{"id":1654,"date":"2013-01-30T12:47:18","date_gmt":"2013-01-30T11:47:18","guid":{"rendered":"http:\/\/blogs.diariosur.es\/-que-le-compro-\/?p=1654"},"modified":"2013-01-30T12:47:18","modified_gmt":"2013-01-30T11:47:18","slug":"floema-arte-botanico-floristeria-con-talleres-en-la-malagueta","status":"publish","type":"post","link":"https:\/\/blogs.diariosur.es\/-que-le-compro-\/2013\/01\/30\/floema-arte-botanico-floristeria-con-talleres-en-la-malagueta\/","title":{"rendered":"Floema Arte Bot\u00e1nico, florister\u00eda, talleres y m\u00e1s en La Malagueta"},"content":{"rendered":"<div class=\"addthis_toolbox addthis_default_style \"><a class=\"addthis_button_facebook_like\" fb:like:layout=\"button_count\"><\/a><a class=\"addthis_button_tweet\"><\/a><a class=\"addthis_button_google_plusone\" g:plusone:size=\"medium\"><\/a><a class=\"addthis_counter addthis_pill_style\"><\/a><\/div>\n<p><script type=\"text\/javascript\">var addthis_config = {\"data_track_clickback\":true,\"data_track_addressbar\":false,\"data_track_textcopy\":false,\"ui_atversion\":\"300\"}; var addthis_product = 'wpp-3.0.2';<\/script><script type=\"text\/javascript\" src=\"\/\/s7.addthis.com\/js\/300\/addthis_widget.js#pubid=ra-50fc27702fb34fca\"><\/script><\/p>\n<p style=\"text-align: center;\"><img loading=\"lazy\" class=\"size-full wp-image-1655 aligncenter\" title=\"M\u00aa Lucrecia M\u00e1rquez, en su local en La Malagueta\" src=\"\/-que-le-compro-\/wp-content\/uploads\/sites\/19\/2013\/01\/floema-lucrecia.jpg\" alt=\"\" width=\"500\" height=\"667\" srcset=\"https:\/\/static-blogs.diariosur.es\/wp-content\/uploads\/sites\/19\/2013\/01\/floema-lucrecia.jpg 500w, https:\/\/static-blogs.diariosur.es\/wp-content\/uploads\/sites\/19\/2013\/01\/floema-lucrecia-225x300.jpg 225w\" sizes=\"(max-width: 500px) 100vw, 500px\" \/><\/p>\n<p><span style=\"color: #333399;\">Confecciona ramos y vende flores, por supuesto, pero lo suyo no es una florister\u00eda al uso. Porque ella va m\u00e1s all\u00e1 y aspira a que su local sea &#8220;un punto de encuentro, un lugar en el que aprender y compartir experiencias&#8221;. Y para ello imparte cursos y asesora a todo el que lo solicite, adem\u00e1s de ofrecer recomendaciones.<\/span><\/p>\n<p><span style=\"color: #333399;\"> Es <strong>M\u00aa Lucrecia M\u00e1rquez Ballesteros<\/strong>, due\u00f1a y responsable de <strong>Floema Arte Bot\u00e1nico<\/strong>, que abri\u00f3 sus puertas en abril de 2011 en La Malagueta, en lo que anteriormente fue un almac\u00e9n de una tienda de decoraci\u00f3n, de ah\u00ed que su local no ofrezca la imagen habitual de una florister\u00eda lo que le da a\u00fan m\u00e1s personalidad a este lugar. Licenciada en Ciencias Ambientales, se qued\u00f3 sin trabajo como tantos otros en estos tiempos pero decidi\u00f3 no quedarse parada. Su amor por la bot\u00e1nica le llev\u00f3 a ser una emprendedora en esta \u00e1rea y, tras formarse en Madrid en la Uni\u00f3n Espa\u00f1ola de Formadores de Arte Floral (UEFAF) volvi\u00f3 a M\u00e1laga para abrir su negocio, del que dice estar &#8220;contenta&#8221; pese a los sacrificios que tiene que realizar.<\/span><\/p>\n<p style=\"text-align: center;\"><img loading=\"lazy\" class=\"size-full wp-image-1656 aligncenter\" src=\"\/-que-le-compro-\/wp-content\/uploads\/sites\/19\/2013\/01\/floema1.jpg\" alt=\"\" width=\"500\" height=\"375\" srcset=\"https:\/\/static-blogs.diariosur.es\/wp-content\/uploads\/sites\/19\/2013\/01\/floema1.jpg 500w, https:\/\/static-blogs.diariosur.es\/wp-content\/uploads\/sites\/19\/2013\/01\/floema1-300x225.jpg 300w\" sizes=\"(max-width: 500px) 100vw, 500px\" \/><\/p>\n<p><span style=\"color: #333399;\">El pasado mes de octubre empez\u00f3 a colaborar con el mercadillo Ba\u00f1os del Carmen, donde acude cada mes con su stand y tiene intenci\u00f3n de seguir, ya que, seg\u00fan comenta, &#8220;sus clientes se asemejan a los que yo busco&#8221;. Y esta joven emprendedora quiere con su proyecto &#8220;dar vida al barrio (del que es vecina) y que el cliente al que le guste este mundo encuentre un sitio donde le asesoren y le traigan lo que necesite&#8221;. Asimismo, intenta que &#8220;la gente se d\u00e9 un gusto sin que le cuesta un ri\u00f1\u00f3n, busco el mercado del lujo asequible&#8221;, apunta.<\/span><\/p>\n<p style=\"text-align: center;\"><img loading=\"lazy\" class=\"aligncenter size-full wp-image-1657\" title=\"floema2\" src=\"\/-que-le-compro-\/wp-content\/uploads\/sites\/19\/2013\/01\/floema2.jpg\" alt=\"\" width=\"500\" height=\"375\" srcset=\"https:\/\/static-blogs.diariosur.es\/wp-content\/uploads\/sites\/19\/2013\/01\/floema2.jpg 500w, https:\/\/static-blogs.diariosur.es\/wp-content\/uploads\/sites\/19\/2013\/01\/floema2-300x225.jpg 300w\" sizes=\"(max-width: 500px) 100vw, 500px\" \/><br \/>\n<span style=\"color: #333399;\">Adem\u00e1s, imparte talleres tanto en su local como en Atrio, -tambi\u00e9n en La Malagueta, donde ha comenzado recientemente- los viernes por la tarde y los s\u00e1bados por la ma\u00f1ana, con una tem\u00e1tica muy diversa: huerto urbano, arreglos florales, decoraci\u00f3n navide\u00f1a, ikebana, bons\u00e1is, orqu\u00eddeas\u2026<\/span><\/p>\n<p><span style=\"color: #333399;\"> Por supuesto acepta encargos y asegura que le encantan los ramos de novias, ya que &#8220;posiblemente sea uno de los trabajos m\u00e1s agradecidos y m\u00e1s lucidos. Cuando lo haces lo disfrutas porque sabes que lo llevar\u00e1 alguien en un d\u00eda muy especial&#8221;. Antes de realizar el pedido, Lucrecia se re\u00fane con los novios y les hace un presupuesto sin compromiso, y elabora el ramo a gusto de la novia y acorde con su personalidad\u2026 de ah\u00ed que no haga dos ramos iguales y que como m\u00ednimo en la ejecuci\u00f3n de cada uno tarde media hora.<\/span><\/p>\n<h3><span style=\"color: #333399;\"><strong>FLOEMA ARTE BOT\u00c1NICO<\/strong><\/span><\/h3>\n<ul>\n<li><span style=\"color: #333399;\">Direcci\u00f3n: C\/ Arenal 12 , La Malagueta<\/span><\/li>\n<li><span style=\"color: #333399;\">Tel\u00e9fono: 951 106 112<\/span><\/li>\n<li><span style=\"color: #333399;\">Horario: de lunes a jueves de 10.30 a 14 y de 17.30 a 19.30 horas. Los viernes, de 10.30 a 14.30 horas. (Cierra los viernes tarde y s\u00e1bados por la ma\u00f1ana para impartir cursos y\/o realizar encargos importantes como bodas)<\/span><\/li>\n<li><span style=\"color: #333399;\">Web:<a href=\"http:\/\/www.floema-artebotanico.com\" rel=\"external nofollow\"><span style=\"color: #333399;\"> http:\/\/www.floema-artebotanico.com <\/span><\/a><\/span><\/li>\n<li><span style=\"color: #333399;\">Facebook: <a href=\"https:\/\/www.facebook.com\/floema.artebotanico.7\" rel=\"external nofollow\"><span style=\"color: #333399;\">https:\/\/www.facebook.com\/floema.artebotanico.7 <\/span><\/a><\/span><\/li>\n<\/ul>\n<p><span style=\"color: #333399;\">Aqu\u00ed pod\u00e9is ver m\u00e1s fotos de algunos de sus trabajos:<\/span><\/p>\n<p style=\"text-align: center;\"><img loading=\"lazy\" class=\"size-full wp-image-1659 aligncenter\" title=\"Planta del mes\" src=\"\/-que-le-compro-\/wp-content\/uploads\/sites\/19\/2013\/01\/floema-planta-mes.jpg\" alt=\"\" width=\"500\" height=\"640\" srcset=\"https:\/\/static-blogs.diariosur.es\/wp-content\/uploads\/sites\/19\/2013\/01\/floema-planta-mes.jpg 500w, https:\/\/static-blogs.diariosur.es\/wp-content\/uploads\/sites\/19\/2013\/01\/floema-planta-mes-234x300.jpg 234w\" sizes=\"(max-width: 500px) 100vw, 500px\" \/><\/p>\n<p>&nbsp;<\/p>\n<p style=\"text-align: center;\"><img loading=\"lazy\" class=\"size-full wp-image-1660 aligncenter\" title=\"Ramo de novia realizado por Lucrecia\" src=\"\/-que-le-compro-\/wp-content\/uploads\/sites\/19\/2013\/01\/floema-ramo.jpg\" alt=\"\" width=\"450\" height=\"298\" srcset=\"https:\/\/static-blogs.diariosur.es\/wp-content\/uploads\/sites\/19\/2013\/01\/floema-ramo.jpg 450w, https:\/\/static-blogs.diariosur.es\/wp-content\/uploads\/sites\/19\/2013\/01\/floema-ramo-300x199.jpg 300w\" sizes=\"(max-width: 450px) 100vw, 450px\" \/><\/p>\n<p style=\"text-align: center;\"><img loading=\"lazy\" class=\"aligncenter size-full wp-image-1662\" title=\"centro-rojo\" src=\"\/-que-le-compro-\/wp-content\/uploads\/sites\/19\/2013\/01\/centro-rojo.jpg\" alt=\"\" width=\"450\" height=\"706\" srcset=\"https:\/\/static-blogs.diariosur.es\/wp-content\/uploads\/sites\/19\/2013\/01\/centro-rojo.jpg 450w, https:\/\/static-blogs.diariosur.es\/wp-content\/uploads\/sites\/19\/2013\/01\/centro-rojo-191x300.jpg 191w\" sizes=\"(max-width: 450px) 100vw, 450px\" \/><\/p>\n<p style=\"text-align: center;\"><img loading=\"lazy\" class=\"aligncenter size-full wp-image-1663\" title=\"centros-tienda\" src=\"\/-que-le-compro-\/wp-content\/uploads\/sites\/19\/2013\/01\/centros-tienda.jpg\" alt=\"\" width=\"450\" height=\"669\" srcset=\"https:\/\/static-blogs.diariosur.es\/wp-content\/uploads\/sites\/19\/2013\/01\/centros-tienda.jpg 450w, https:\/\/static-blogs.diariosur.es\/wp-content\/uploads\/sites\/19\/2013\/01\/centros-tienda-202x300.jpg 202w\" sizes=\"(max-width: 450px) 100vw, 450px\" \/><\/p>\n","protected":false},"excerpt":{"rendered":"<p>Confecciona ramos y vende flores, por supuesto, pero lo suyo no es una florister\u00eda al uso. Porque ella va m\u00e1s all\u00e1 y aspira a que su local sea &#8220;un punto de encuentro, un lugar en el que aprender y compartir experiencias&#8221;. Y para ello imparte cursos y asesora a todo el que lo solicite, adem\u00e1s [&hellip;]<\/p>\n","protected":false},"author":24,"featured_media":0,"comment_status":"open","ping_status":"closed","sticky":false,"template":"","format":"standard","meta":[],"categories":[7],"tags":[1448,1449,1453,1687,3501,3655,3790],"_links":{"self":[{"href":"https:\/\/blogs.diariosur.es\/-que-le-compro-\/wp-json\/wp\/v2\/posts\/1654"}],"collection":[{"href":"https:\/\/blogs.diariosur.es\/-que-le-compro-\/wp-json\/wp\/v2\/posts"}],"about":[{"href":"https:\/\/blogs.diariosur.es\/-que-le-compro-\/wp-json\/wp\/v2\/types\/post"}],"author":[{"embeddable":true,"href":"https:\/\/blogs.diariosur.es\/-que-le-compro-\/wp-json\/wp\/v2\/users\/24"}],"replies":[{"embeddable":true,"href":"https:\/\/blogs.diariosur.es\/-que-le-compro-\/wp-json\/wp\/v2\/comments?post=1654"}],"version-history":[{"count":0,"href":"https:\/\/blogs.diariosur.es\/-que-le-compro-\/wp-json\/wp\/v2\/posts\/1654\/revisions"}],"wp:attachment":[{"href":"https:\/\/blogs.diariosur.es\/-que-le-compro-\/wp-json\/wp\/v2\/media?parent=1654"}],"wp:term":[{"taxonomy":"category","embeddable":true,"href":"https:\/\/blogs.diariosur.es\/-que-le-compro-\/wp-json\/wp\/v2\/categories?post=1654"},{"taxonomy":"post_tag","embeddable":true,"href":"https:\/\/blogs.diariosur.es\/-que-le-compro-\/wp-json\/wp\/v2\/tags?post=1654"}],"curies":[{"name":"wp","href":"https:\/\/api.w.org\/{rel}","templated":true}]}}