{"id":1667,"date":"2013-02-01T12:21:43","date_gmt":"2013-02-01T11:21:43","guid":{"rendered":"http:\/\/blogs.diariosur.es\/-que-le-compro-\/?p=1667"},"modified":"2013-02-01T12:21:43","modified_gmt":"2013-02-01T11:21:43","slug":"disfraces-de-carnaval-para-ninos-y-adultos-en-tiendas-de-malaga","status":"publish","type":"post","link":"https:\/\/blogs.diariosur.es\/-que-le-compro-\/2013\/02\/01\/disfraces-de-carnaval-para-ninos-y-adultos-en-tiendas-de-malaga\/","title":{"rendered":"Disfraces de Carnaval para ni\u00f1os y adultos en tiendas de M\u00e1laga"},"content":{"rendered":"<div class=\"addthis_toolbox addthis_default_style \"><a class=\"addthis_button_facebook_like\" fb:like:layout=\"button_count\"><\/a><a class=\"addthis_button_tweet\"><\/a><a class=\"addthis_button_google_plusone\" g:plusone:size=\"medium\"><\/a><a class=\"addthis_counter addthis_pill_style\"><\/a><\/div>\n<p><script type=\"text\/javascript\">var addthis_config = {\"data_track_clickback\":true,\"data_track_addressbar\":false,\"data_track_textcopy\":false,\"ui_atversion\":\"300\"}; var addthis_product = 'wpp-3.0.2';<\/script><script type=\"text\/javascript\" src=\"\/\/s7.addthis.com\/js\/300\/addthis_widget.js#pubid=ra-50fc27702fb34fca\"><\/script><\/p>\n<p><a href=\"\/-que-le-compro-\/wp-content\/uploads\/sites\/19\/2013\/02\/disfraz-poly.jpg\"><img loading=\"lazy\" class=\"aligncenter size-full wp-image-1671\" title=\"disfraz-poly\" src=\"\/-que-le-compro-\/wp-content\/uploads\/sites\/19\/2013\/02\/disfraz-poly.jpg\" alt=\"\" width=\"450\" height=\"330\" srcset=\"https:\/\/static-blogs.diariosur.es\/wp-content\/uploads\/sites\/19\/2013\/02\/disfraz-poly.jpg 450w, https:\/\/static-blogs.diariosur.es\/wp-content\/uploads\/sites\/19\/2013\/02\/disfraz-poly-300x220.jpg 300w\" sizes=\"(max-width: 450px) 100vw, 450px\" \/><\/a><\/p>\n<p><span style=\"color: #333399;\">El <strong>Carnaval de M\u00e1laga 2013<\/strong> llega a la calle. Tras el concurso de agrupaciones (la final es este viernes) es el momento de que la fiesta se traslade a la ciudad, as\u00ed que toca ya pensar de qu\u00e9 nos vamos a disfrazar en estos d\u00edas, porque el domingo 3 ser\u00e1 el desfile por el Centro de la capital y el pr\u00f3ximo fin de semana la batalla de las flores y el entierro del boquer\u00f3n, entre otras actividades.<\/span><\/p>\n<p><span style=\"color: #333399;\">Preparaos para ver princesas, superh\u00e9roes, piratas, vaqueros y m\u00e9dicos (entre otras profesiones) por la calle, porque es lo que toca, dejarse llevar, quitarse la verg\u00fcenza y vestirse de lo que uno quiera, o pueda, que en esta fiesta&#8230; \u00a1todo vale!<\/span><\/p>\n<p><a href=\"\/-que-le-compro-\/wp-content\/uploads\/sites\/19\/2013\/02\/disfraz-superman.jpg\"><img loading=\"lazy\" class=\"aligncenter size-full wp-image-1668\" title=\"Disfraz de Superman de Toys R US\" src=\"\/-que-le-compro-\/wp-content\/uploads\/sites\/19\/2013\/02\/disfraz-superman.jpg\" alt=\"\" width=\"450\" height=\"627\" srcset=\"https:\/\/static-blogs.diariosur.es\/wp-content\/uploads\/sites\/19\/2013\/02\/disfraz-superman.jpg 450w, https:\/\/static-blogs.diariosur.es\/wp-content\/uploads\/sites\/19\/2013\/02\/disfraz-superman-215x300.jpg 215w\" sizes=\"(max-width: 450px) 100vw, 450px\" \/><\/a><\/p>\n<p>&nbsp;<\/p>\n<p><span style=\"color: #333399;\">Para los quer\u00e1is buscar ideas y\/o complementos para vuestros tipismos, aqu\u00ed van unas recomendaciones sobre d\u00f3nde encontrar lo que quer\u00e9is, y a distintos precios.<\/span><\/p>\n<ul>\n<li><span style=\"color: #333399;\">Por un lado, uno de los puntos de visita &#8216;obligada&#8217; para este tipo de eventos es\u00a0<strong>Carrasquilla, <\/strong>que tiene dos tiendas: en calle Juan de Padilla (en pleno Centro) y en la calle Peso de Harina (muy cerca de M\u00e1rmoles), y su oferta es para ni\u00f1os y mayores.<\/span><\/li>\n<li><span style=\"color: #333399;\">Otro lugar al que ir es <strong>Juguetes Carri\u00f3n<\/strong>, que adem\u00e1s tienen una amplia variedad de disfraces para todas las edades a un precio muy econ\u00f3mico. Se les puede encontrar en el Centro en las calles Nueva, San Juan y Alarc\u00f3n Luj\u00e1n as\u00ed como en M\u00e1rmoles y Bodegueros.<\/span><\/li>\n<\/ul>\n<div><a href=\"\/-que-le-compro-\/wp-content\/uploads\/sites\/19\/2013\/02\/disfraz-bebes.jpg\"><img loading=\"lazy\" class=\"aligncenter size-full wp-image-1670\" title=\"Disfraces para beb\u00e9s\" src=\"\/-que-le-compro-\/wp-content\/uploads\/sites\/19\/2013\/02\/disfraz-bebes.jpg\" alt=\"\" width=\"450\" height=\"229\" srcset=\"https:\/\/static-blogs.diariosur.es\/wp-content\/uploads\/sites\/19\/2013\/02\/disfraz-bebes.jpg 450w, https:\/\/static-blogs.diariosur.es\/wp-content\/uploads\/sites\/19\/2013\/02\/disfraz-bebes-300x153.jpg 300w\" sizes=\"(max-width: 450px) 100vw, 450px\" \/><\/a><\/div>\n<ul>\n<li><span style=\"color: #333399;\"><span style=\"color: #333399;\">Asimismo, <strong>Juguetes Mabel<\/strong>tambi\u00e9n ofrece un extenso abanico de posibilidades en sus dos locales, en calle Armengual de la Mota y en la explanada de la estaci\u00f3n, junto al centro comercial Vialia.<\/span><\/span><\/li>\n<li><span style=\"color: #333399;\">Y tambi\u00e9n para ni\u00f1os (y grandes) interesa visitar\u00a0<\/span><strong style=\"color: #333399;\">El Corte Ingl\u00e9s,\u00a0<\/strong><strong style=\"color: #333399;\">Disney Store<\/strong><span style=\"color: #333399;\">, la veterana <\/span><strong style=\"color: #333399;\">El Gato Negro<\/strong><span style=\"color: #333399;\"> (en calle Carreter\u00eda, en el Centro) <\/span><strong style=\"color: #333399;\">Dunnes Stores<\/strong><span style=\"color: #333399;\">, (estos dos \u00faltimos en el centro comercial Larios Centro, en M\u00e1laga capital),<\/span><strong style=\"color: #333399;\"> Toys R Us<\/strong><span style=\"color: #333399;\">, <\/span><strong style=\"color: #333399;\">Carrefour<\/strong><span style=\"color: #333399;\">, <\/span><strong style=\"color: #333399;\">Eroski, Imaginarium,<\/strong><span style=\"color: #333399;\"> o\u00a0 <\/span><strong style=\"color: #333399;\">Juguetilandia<\/strong><span style=\"color: #333399;\"> (en el parque comercial M\u00e1laga Nostrum).<\/span><\/li>\n<\/ul>\n<div id=\"attachment_1669\" style=\"width: 310px\" class=\"wp-caption aligncenter\"><a href=\"\/-que-le-compro-\/wp-content\/uploads\/sites\/19\/2013\/02\/disfraz-cenicienta.jpg\"><img aria-describedby=\"caption-attachment-1669\" loading=\"lazy\" class=\"size-full wp-image-1669\" title=\"Disfraz reversible de Cenicienta de Disney Store\" src=\"\/-que-le-compro-\/wp-content\/uploads\/sites\/19\/2013\/02\/disfraz-cenicienta.jpg\" alt=\"\" width=\"300\" height=\"300\" srcset=\"https:\/\/static-blogs.diariosur.es\/wp-content\/uploads\/sites\/19\/2013\/02\/disfraz-cenicienta.jpg 300w, https:\/\/static-blogs.diariosur.es\/wp-content\/uploads\/sites\/19\/2013\/02\/disfraz-cenicienta-150x150.jpg 150w\" sizes=\"(max-width: 300px) 100vw, 300px\" \/><\/a><p id=\"caption-attachment-1669\" class=\"wp-caption-text\">Disfraz reversible de Cenicienta de Disney Store<\/p><\/div>\n<p>&nbsp;<\/p>\n<p><a href=\"\/-que-le-compro-\/wp-content\/uploads\/sites\/19\/2013\/02\/disfraz-imaginarium.jpg\"><img loading=\"lazy\" class=\"aligncenter size-full wp-image-1673\" title=\"disfraz-imaginarium\" src=\"\/-que-le-compro-\/wp-content\/uploads\/sites\/19\/2013\/02\/disfraz-imaginarium.jpg\" alt=\"\" width=\"450\" height=\"600\" srcset=\"https:\/\/static-blogs.diariosur.es\/wp-content\/uploads\/sites\/19\/2013\/02\/disfraz-imaginarium.jpg 450w, https:\/\/static-blogs.diariosur.es\/wp-content\/uploads\/sites\/19\/2013\/02\/disfraz-imaginarium-225x300.jpg 225w\" sizes=\"(max-width: 450px) 100vw, 450px\" \/><\/a><\/p>\n<p><span style=\"color: #333399;\">\u00bfYa ten\u00e9is elegido vuestro disfraz de este a\u00f1o? \u00a1Que disfrut\u00e9is del Carnaval!<\/span><\/p>\n","protected":false},"excerpt":{"rendered":"<p>El Carnaval de M\u00e1laga 2013 llega a la calle. Tras el concurso de agrupaciones (la final es este viernes) es el momento de que la fiesta se traslade a la ciudad, as\u00ed que toca ya pensar de qu\u00e9 nos vamos a disfrazar en estos d\u00edas, porque el domingo 3 ser\u00e1 el desfile por el Centro [&hellip;]<\/p>\n","protected":false},"author":24,"featured_media":0,"comment_status":"open","ping_status":"closed","sticky":false,"template":"","format":"standard","meta":[],"categories":[5,7],"tags":[],"_links":{"self":[{"href":"https:\/\/blogs.diariosur.es\/-que-le-compro-\/wp-json\/wp\/v2\/posts\/1667"}],"collection":[{"href":"https:\/\/blogs.diariosur.es\/-que-le-compro-\/wp-json\/wp\/v2\/posts"}],"about":[{"href":"https:\/\/blogs.diariosur.es\/-que-le-compro-\/wp-json\/wp\/v2\/types\/post"}],"author":[{"embeddable":true,"href":"https:\/\/blogs.diariosur.es\/-que-le-compro-\/wp-json\/wp\/v2\/users\/24"}],"replies":[{"embeddable":true,"href":"https:\/\/blogs.diariosur.es\/-que-le-compro-\/wp-json\/wp\/v2\/comments?post=1667"}],"version-history":[{"count":0,"href":"https:\/\/blogs.diariosur.es\/-que-le-compro-\/wp-json\/wp\/v2\/posts\/1667\/revisions"}],"wp:attachment":[{"href":"https:\/\/blogs.diariosur.es\/-que-le-compro-\/wp-json\/wp\/v2\/media?parent=1667"}],"wp:term":[{"taxonomy":"category","embeddable":true,"href":"https:\/\/blogs.diariosur.es\/-que-le-compro-\/wp-json\/wp\/v2\/categories?post=1667"},{"taxonomy":"post_tag","embeddable":true,"href":"https:\/\/blogs.diariosur.es\/-que-le-compro-\/wp-json\/wp\/v2\/tags?post=1667"}],"curies":[{"name":"wp","href":"https:\/\/api.w.org\/{rel}","templated":true}]}}