{"id":1675,"date":"2013-02-04T13:50:42","date_gmt":"2013-02-04T12:50:42","guid":{"rendered":"http:\/\/blogs.diariosur.es\/-que-le-compro-\/?p=1675"},"modified":"2013-02-04T13:50:42","modified_gmt":"2013-02-04T12:50:42","slug":"pulsera-solidaria-del-asilo-de-los-angeles-para-un-desfibrilador","status":"publish","type":"post","link":"https:\/\/blogs.diariosur.es\/-que-le-compro-\/2013\/02\/04\/pulsera-solidaria-del-asilo-de-los-angeles-para-un-desfibrilador\/","title":{"rendered":"Pulsera solidaria del Asilo de los \u00c1ngeles para comprar un desfibrilador"},"content":{"rendered":"<div class=\"addthis_toolbox addthis_default_style \"><a class=\"addthis_button_facebook_like\" fb:like:layout=\"button_count\"><\/a><a class=\"addthis_button_tweet\"><\/a><a class=\"addthis_button_google_plusone\" g:plusone:size=\"medium\"><\/a><a class=\"addthis_counter addthis_pill_style\"><\/a><\/div>\n<p><script type=\"text\/javascript\">var addthis_config = {\"data_track_clickback\":true,\"data_track_addressbar\":false,\"data_track_textcopy\":false,\"ui_atversion\":\"300\"}; var addthis_product = 'wpp-3.0.2';<\/script><script type=\"text\/javascript\" src=\"\/\/s7.addthis.com\/js\/300\/addthis_widget.js#pubid=ra-50fc27702fb34fca\"><\/script><\/p>\n<p><span style=\"color: #333399\">Cuesta creerlo, pero es cierto. El conocido popularmente como Asilo de los \u00c1ngeles, en M\u00e1laga capital, no cuenta con un desfibrilador, un aparato que puede ayudar a salvar vidas en casos de infarto. Y para intentar remediar esta carest\u00eda, el grupo <strong><a href=\"https:\/\/www.facebook.com\/AmigosDelAsiloDeLosAngeles\" rel=\"external nofollow\"><span style=\"color: #333399\">Amigos del Asilo de los \u00c1ngeles<\/span><\/a>\u00a0<\/strong>\u00a0ha lanzado una campa\u00f1a original y con la que adem\u00e1s es muy f\u00e1cil y barato de colaborar.<\/span><\/p>\n<div id=\"attachment_1676\" style=\"width: 510px\" class=\"wp-caption aligncenter\"><a href=\"\/-que-le-compro-\/wp-content\/uploads\/sites\/19\/2013\/02\/pulsera-asilo-ok.jpg\"><img aria-describedby=\"caption-attachment-1676\" loading=\"lazy\" class=\"size-full wp-image-1676\" src=\"\/-que-le-compro-\/wp-content\/uploads\/sites\/19\/2013\/02\/pulsera-asilo-ok.jpg\" alt=\"\" width=\"500\" height=\"375\" srcset=\"https:\/\/static-blogs.diariosur.es\/wp-content\/uploads\/sites\/19\/2013\/02\/pulsera-asilo-ok.jpg 500w, https:\/\/static-blogs.diariosur.es\/wp-content\/uploads\/sites\/19\/2013\/02\/pulsera-asilo-ok-300x225.jpg 300w\" sizes=\"(max-width: 500px) 100vw, 500px\" \/><\/a><p id=\"caption-attachment-1676\" class=\"wp-caption-text\">Cartel de la campa\u00f1a de la pulsera solidaria<\/p><\/div>\n<p><span style=\"color: #333399\"> Para ayudar a recaudar fondos para esta causa, solo hay que comprar la pulsera solidaria que venden, tras un acuerdo con la organizaci\u00f3n Proyecto Salvavidas: un brazalete de tela de colores alegres que <strong>cuesta tres euros<\/strong>. Estos son los puntos de venta donde puedes adquirir este complemento:<\/span><\/p>\n<p><strong><span style=\"text-decoration: underline\"><span style=\"color: #333399;text-decoration: underline\">En M\u00e1laga capital:<\/span><\/span><\/strong><\/p>\n<ul>\n<li><span style=\"color: #333399\">Asilo de los \u00e1ngeles, Arroyo de los \u00c1ngeles, s\/n<\/span><\/li>\n<li><span style=\"color: #333399\">Electromuebles Arriaza, Camino de San Rafael, 7.<\/span><\/li>\n<li><span style=\"color: #333399\">Cecasa Electr\u00f3nica, Avda. de Vel\u00e1zquez 18. Bda El Torcal<\/span><\/li>\n<li><span style=\"color: #333399\">Calzados Pekas, calle Nueva, 29 (Centro Hist\u00f3rico)<\/span><\/li>\n<li><span style=\"color: #333399\">Calzados Mayla, calle Nueva, 42 (Centro Hist\u00f3rico)<\/span><\/li>\n<li><span style=\"color: #333399\">Cocinas Guardia, Avenida washington n\u00ba 38 pol\u00edgono El Viso (3\u00aa fase )<\/span><\/li>\n<li><span style=\"color: #333399\">Papeler\u00eda Elena: Avda. Ntra. Sra. de los Clarines, frente al colegio Gibraljaire.<\/span><\/li>\n<li><span style=\"color: #333399\">Mercer\u00eda La quincalla: Avda. Ntra. Sra. de los Clarines , frente al colegio Gibraljaire<\/span><\/li>\n<li><span style=\"color: #333399\">Pizzer\u00eda Trastevere, Avda. C\u00e1novas del Castillo, 10 (La Malagueta). Adem\u00e1s, har\u00e1n un 20% de descuento a los que lleven puesta la pulsera<\/span><\/li>\n<li><span style=\"color: #333399\">Cafeter\u00eda Instituto Ense\u00f1anza Secundaria Miraflores de los \u00c1ngeles: Arroyo de los \u00c1ngeles s\/n<\/span><\/li>\n<li><span style=\"color: #333399\">Cafeter\u00eda Framil, calle Cisneros 1 (Centro)<\/span><\/li>\n<li><span style=\"color: #333399\">Cl\u00ednica dental Denticare, c\/ Armengual de la Mota 27, 2\u00ba<\/span><\/li>\n<li><span style=\"color: #333399\">Deportes Sprinter, centro comercial M\u00e1laga Nostrum<\/span><\/li>\n<li><span style=\"color: #333399\">Merendero Rocamar, Paseo Mar\u00edtimo Antonio Machado s\/n<\/span><\/li>\n<li><span style=\"color: #333399\">Panader\u00eda Las 3M, c\/Alfredo Nobel L-2, frente gasolinera Las Chapas<\/span><\/li>\n<li><span style=\"color: #333399\">Perfumer\u00eda Venus, c\/ La Hoz 32 (Huelin)<\/span><\/li>\n<li><span style=\"color: #333399\">Perfumer\u00eda Primor c. c. Plaza Mayor<\/span><\/li>\n<li><span style=\"color: #333399\">Turuleta moda infantil, c\/ La Hoz 8 (Huelin)<\/span><\/li>\n<\/ul>\n<p><span style=\"text-decoration: underline\"><strong><span style=\"color: #333399;text-decoration: underline\">Fuengirola<\/span><\/strong><\/span><\/p>\n<p><span style=\"color: #333399\">Bar El Descorche, \u00a0c\/ San Antonio, 15<\/span><\/p>\n<p><strong><span style=\"text-decoration: underline\"><span style=\"color: #333399;text-decoration: underline\">Rinc\u00f3n de la Victoria<\/span><\/span><\/strong><\/p>\n<p><span style=\"color: #333399\">Ued (unidad de estancias diurnas), c\/ frigiliana 2 (detr\u00e1s del ayuntamiento). Horario: de 8.30 a 17.30 de lunes a s\u00e1bado<\/span><\/p>\n<p>&nbsp;<\/p>\n<p>&nbsp;<\/p>\n<div id=\"attachment_1677\" style=\"width: 510px\" class=\"wp-caption aligncenter\"><a href=\"\/-que-le-compro-\/wp-content\/uploads\/sites\/19\/2013\/02\/pulsera-asilo-angeles-ok2.jpg\"><img aria-describedby=\"caption-attachment-1677\" loading=\"lazy\" class=\"size-full wp-image-1677\" src=\"\/-que-le-compro-\/wp-content\/uploads\/sites\/19\/2013\/02\/pulsera-asilo-angeles-ok2.jpg\" alt=\"\" width=\"500\" height=\"339\" srcset=\"https:\/\/static-blogs.diariosur.es\/wp-content\/uploads\/sites\/19\/2013\/02\/pulsera-asilo-angeles-ok2.jpg 500w, https:\/\/static-blogs.diariosur.es\/wp-content\/uploads\/sites\/19\/2013\/02\/pulsera-asilo-angeles-ok2-300x203.jpg 300w\" sizes=\"(max-width: 500px) 100vw, 500px\" \/><\/a><p id=\"caption-attachment-1677\" class=\"wp-caption-text\">Modelos de la pulsera solidaria de Amigos del Asilo de los \u00c1ngeles<\/p><\/div>\n<p><span style=\"color: #333399\"> La <strong>pulsera salvavidas<\/strong> es ajustable, as\u00ed que perfecta para mayores y peque\u00f1os: \u00bfNo os parece una forma muy sencilla de ayudar a una gran causa? \u00a1Animaros!<\/span><\/p>\n<p>(((<strong>ACTUALIZACI\u00d3N<\/strong>: El 20 de febrero se present\u00f3 en el asilo este proyecto solidario, que cont\u00f3 con la presencia del pintor Antonio Montiel, el \u00e1rbitro de baloncesto Daniel Hierrezuelo y el humorista Manolo Sarria. Si quieres leer c\u00f3mo fue el acto, en el que se avanz\u00f3 que la pulsera se vender\u00e1 tambi\u00e9n en la XXIII Media Marat\u00f3n de M\u00e1laga, <a href=\"http:\/\/www.diariosur.es\/20130220\/local\/malaga\/pulsera-solidaria-asilo-angeles-201302201348.html\" rel=\"external nofollow\">pincha aqu\u00ed: La pulsera del Asilo de los \u00c1ngeles pide m\u00e1s apoyos<\/a>))))<\/p>\n","protected":false},"excerpt":{"rendered":"<p>Cuesta creerlo, pero es cierto. El conocido popularmente como Asilo de los \u00c1ngeles, en M\u00e1laga capital, no cuenta con un desfibrilador, un aparato que puede ayudar a salvar vidas en casos de infarto. Y para intentar remediar esta carest\u00eda, el grupo Amigos del Asilo de los \u00c1ngeles\u00a0\u00a0ha lanzado una campa\u00f1a original y con la que [&hellip;]<\/p>\n","protected":false},"author":24,"featured_media":0,"comment_status":"open","ping_status":"closed","sticky":false,"template":"","format":"standard","meta":[],"categories":[6,7],"tags":[282,846,2937,3054,3078,3087,3948],"_links":{"self":[{"href":"https:\/\/blogs.diariosur.es\/-que-le-compro-\/wp-json\/wp\/v2\/posts\/1675"}],"collection":[{"href":"https:\/\/blogs.diariosur.es\/-que-le-compro-\/wp-json\/wp\/v2\/posts"}],"about":[{"href":"https:\/\/blogs.diariosur.es\/-que-le-compro-\/wp-json\/wp\/v2\/types\/post"}],"author":[{"embeddable":true,"href":"https:\/\/blogs.diariosur.es\/-que-le-compro-\/wp-json\/wp\/v2\/users\/24"}],"replies":[{"embeddable":true,"href":"https:\/\/blogs.diariosur.es\/-que-le-compro-\/wp-json\/wp\/v2\/comments?post=1675"}],"version-history":[{"count":0,"href":"https:\/\/blogs.diariosur.es\/-que-le-compro-\/wp-json\/wp\/v2\/posts\/1675\/revisions"}],"wp:attachment":[{"href":"https:\/\/blogs.diariosur.es\/-que-le-compro-\/wp-json\/wp\/v2\/media?parent=1675"}],"wp:term":[{"taxonomy":"category","embeddable":true,"href":"https:\/\/blogs.diariosur.es\/-que-le-compro-\/wp-json\/wp\/v2\/categories?post=1675"},{"taxonomy":"post_tag","embeddable":true,"href":"https:\/\/blogs.diariosur.es\/-que-le-compro-\/wp-json\/wp\/v2\/tags?post=1675"}],"curies":[{"name":"wp","href":"https:\/\/api.w.org\/{rel}","templated":true}]}}