{"id":1682,"date":"2013-02-09T13:14:34","date_gmt":"2013-02-09T12:14:34","guid":{"rendered":"http:\/\/blogs.diariosur.es\/-que-le-compro-\/?p=1682"},"modified":"2013-02-09T13:14:34","modified_gmt":"2013-02-09T12:14:34","slug":"charanga-busca-vendedoras-para-su-nueva-tienda-en-malaga","status":"publish","type":"post","link":"https:\/\/blogs.diariosur.es\/-que-le-compro-\/2013\/02\/09\/charanga-busca-vendedoras-para-su-nueva-tienda-en-malaga\/","title":{"rendered":"Charanga busca vendedoras para su nueva tienda en M\u00e1laga"},"content":{"rendered":"<div class=\"addthis_toolbox addthis_default_style \"><a class=\"addthis_button_facebook_like\" fb:like:layout=\"button_count\"><\/a><a class=\"addthis_button_tweet\"><\/a><a class=\"addthis_button_google_plusone\" g:plusone:size=\"medium\"><\/a><a class=\"addthis_counter addthis_pill_style\"><\/a><\/div>\n<p><script type=\"text\/javascript\">var addthis_config = {\"data_track_clickback\":true,\"data_track_addressbar\":false,\"data_track_textcopy\":false,\"ui_atversion\":\"300\"}; var addthis_product = 'wpp-3.0.2';<\/script><script type=\"text\/javascript\" src=\"\/\/s7.addthis.com\/js\/300\/addthis_widget.js#pubid=ra-50fc27702fb34fca\"><\/script><\/p>\n<p><span style=\"font-size: medium;\">Una doble buena noticia. Ya es motivo de alegr\u00eda que en estos tiempos dif\u00edciles se inauguren comercios, y m\u00e1s a\u00fan lo es que la apertura sea por parte de una firma malague\u00f1a como <strong>Charanga<\/strong>, \u00a0especializada en moda para los m\u00e1s peque\u00f1os. La firma est\u00e1 preparando el estreno de \u00a0la que ser\u00e1 su <span style=\"text-decoration: underline;\">primera tienda en el Centro Hist\u00f3rico de M\u00e1laga<\/span>, que estar\u00e1 ubicada en calle Nueva.\u00a0<\/span><\/p>\n<p><span style=\"font-size: medium;\">Y aqu\u00ed viene lo m\u00e1s interesante para muchos: la empresa <strong>busca personal; precisa vendedoras<\/strong> para este local, as\u00ed que las interesadas deben enviar su curr\u00edculum vitae (CV) a esta <strong><a href=\"mailto:rrhh@charanga.es\">direcci\u00f3n de correo electr\u00f3nico.<\/a><\/strong><\/span><\/p>\n","protected":false},"excerpt":{"rendered":"<p>Una doble buena noticia. Ya es motivo de alegr\u00eda que en estos tiempos dif\u00edciles se inauguren comercios, y m\u00e1s a\u00fan lo es que la apertura sea por parte de una firma malague\u00f1a como Charanga, \u00a0especializada en moda para los m\u00e1s peque\u00f1os. La firma est\u00e1 preparando el estreno de \u00a0la que ser\u00e1 su primera tienda en [&hellip;]<\/p>\n","protected":false},"author":24,"featured_media":0,"comment_status":"open","ping_status":"closed","sticky":false,"template":"","format":"standard","meta":[],"categories":[7],"tags":[730,731,2504,2720,3622],"_links":{"self":[{"href":"https:\/\/blogs.diariosur.es\/-que-le-compro-\/wp-json\/wp\/v2\/posts\/1682"}],"collection":[{"href":"https:\/\/blogs.diariosur.es\/-que-le-compro-\/wp-json\/wp\/v2\/posts"}],"about":[{"href":"https:\/\/blogs.diariosur.es\/-que-le-compro-\/wp-json\/wp\/v2\/types\/post"}],"author":[{"embeddable":true,"href":"https:\/\/blogs.diariosur.es\/-que-le-compro-\/wp-json\/wp\/v2\/users\/24"}],"replies":[{"embeddable":true,"href":"https:\/\/blogs.diariosur.es\/-que-le-compro-\/wp-json\/wp\/v2\/comments?post=1682"}],"version-history":[{"count":0,"href":"https:\/\/blogs.diariosur.es\/-que-le-compro-\/wp-json\/wp\/v2\/posts\/1682\/revisions"}],"wp:attachment":[{"href":"https:\/\/blogs.diariosur.es\/-que-le-compro-\/wp-json\/wp\/v2\/media?parent=1682"}],"wp:term":[{"taxonomy":"category","embeddable":true,"href":"https:\/\/blogs.diariosur.es\/-que-le-compro-\/wp-json\/wp\/v2\/categories?post=1682"},{"taxonomy":"post_tag","embeddable":true,"href":"https:\/\/blogs.diariosur.es\/-que-le-compro-\/wp-json\/wp\/v2\/tags?post=1682"}],"curies":[{"name":"wp","href":"https:\/\/api.w.org\/{rel}","templated":true}]}}