{"id":1694,"date":"2013-02-12T17:58:13","date_gmt":"2013-02-12T16:58:13","guid":{"rendered":"http:\/\/blogs.diariosur.es\/-que-le-compro-\/?p=1694"},"modified":"2013-02-12T17:58:13","modified_gmt":"2013-02-12T16:58:13","slug":"los-bolsos-joya-de-je-suis-design-en-marbella-a-un-precio-especial","status":"publish","type":"post","link":"https:\/\/blogs.diariosur.es\/-que-le-compro-\/2013\/02\/12\/los-bolsos-joya-de-je-suis-design-en-marbella-a-un-precio-especial\/","title":{"rendered":"Los bolsos joya de Je Suis Design, en Marbella a un precio especial por San Valent\u00edn"},"content":{"rendered":"<div class=\"addthis_toolbox addthis_default_style \"><a class=\"addthis_button_facebook_like\" fb:like:layout=\"button_count\"><\/a><a class=\"addthis_button_tweet\"><\/a><a class=\"addthis_button_google_plusone\" g:plusone:size=\"medium\"><\/a><a class=\"addthis_counter addthis_pill_style\"><\/a><\/div>\n<p><script type=\"text\/javascript\">var addthis_config = {\"data_track_clickback\":true,\"data_track_addressbar\":false,\"data_track_textcopy\":false,\"ui_atversion\":\"300\"}; var addthis_product = 'wpp-3.0.2';<\/script><script type=\"text\/javascript\" src=\"\/\/s7.addthis.com\/js\/300\/addthis_widget.js#pubid=ra-50fc27702fb34fca\"><\/script><\/p>\n<p><span style=\"color: #333399;\">Suele decirse que hay complementos que son aut\u00e9nticas joyas, y en este caso la afirmaci\u00f3n es m\u00e1s que cierta. Durante toda esta semana, coincidiendo con la festividad de San Valent\u00edn, en Marbella pueden verse una serie de bolsos exclusivos como pocos. \u00a0Se trata de la nueva colecci\u00f3n de la firma <strong>Je Suis Design<\/strong>, que desde hace tres a\u00f1os fabrica bolsos elaborados con elementos de Swarovski.<\/span><\/p>\n<p><span style=\"color: #333399;\">Pueden admirarse en la joyer\u00eda <strong>G &#038; M Casual<\/strong>, en Marina Ban\u00fas, que para inaugurar la muestra organiz\u00f3 este lunes una venta especial (showroom) para sus clientes habituales \u00a0en el que pod\u00edan adquirirse art\u00edculos de esta firma a un precio inferior al habitual. \u00a0Desde este martes la promoci\u00f3n se ampl\u00eda al p\u00fablico en general, as\u00ed que ya sab\u00e9is que durante esta semana pod\u00e9is hacerlos con los glamurosos complementos de Je Suis Design a un precio especial.<\/span><\/p>\n<p>&nbsp;<\/p>\n<div id=\"attachment_1697\" style=\"width: 460px\" class=\"wp-caption aligncenter\"><a href=\"\/-que-le-compro-\/wp-content\/uploads\/sites\/19\/2013\/02\/bolso-marbella.jpg\"><img aria-describedby=\"caption-attachment-1697\" loading=\"lazy\" class=\"size-full wp-image-1697\" title=\"Bolsos expuestos en G&#038;M Casual\" src=\"\/-que-le-compro-\/wp-content\/uploads\/sites\/19\/2013\/02\/bolso-marbella.jpg\" alt=\"\" width=\"450\" height=\"511\" srcset=\"https:\/\/static-blogs.diariosur.es\/wp-content\/uploads\/sites\/19\/2013\/02\/bolso-marbella.jpg 450w, https:\/\/static-blogs.diariosur.es\/wp-content\/uploads\/sites\/19\/2013\/02\/bolso-marbella-264x300.jpg 264w\" sizes=\"(max-width: 450px) 100vw, 450px\" \/><\/a><p id=\"caption-attachment-1697\" class=\"wp-caption-text\">Bolsos expuestos en G&M Casual<\/p><\/div>\n<p>&nbsp;<\/p>\n<p><a href=\"\/-que-le-compro-\/wp-content\/uploads\/sites\/19\/2013\/02\/bolso21.jpg\"><img loading=\"lazy\" class=\"aligncenter size-full wp-image-1701\" title=\"bolso2\" src=\"\/-que-le-compro-\/wp-content\/uploads\/sites\/19\/2013\/02\/bolso21.jpg\" alt=\"\" width=\"450\" height=\"313\" srcset=\"https:\/\/static-blogs.diariosur.es\/wp-content\/uploads\/sites\/19\/2013\/02\/bolso21.jpg 450w, https:\/\/static-blogs.diariosur.es\/wp-content\/uploads\/sites\/19\/2013\/02\/bolso21-300x209.jpg 300w\" sizes=\"(max-width: 450px) 100vw, 450px\" \/><\/a><\/p>\n<p>&nbsp;<\/p>\n<p>&nbsp;<\/p>\n<p><a href=\"\/-que-le-compro-\/wp-content\/uploads\/sites\/19\/2013\/02\/bolso31.jpg\"><img loading=\"lazy\" class=\"aligncenter size-full wp-image-1702\" title=\"bolso3\" src=\"\/-que-le-compro-\/wp-content\/uploads\/sites\/19\/2013\/02\/bolso31.jpg\" alt=\"\" width=\"400\" height=\"270\" srcset=\"https:\/\/static-blogs.diariosur.es\/wp-content\/uploads\/sites\/19\/2013\/02\/bolso31.jpg 400w, https:\/\/static-blogs.diariosur.es\/wp-content\/uploads\/sites\/19\/2013\/02\/bolso31-300x203.jpg 300w\" sizes=\"(max-width: 400px) 100vw, 400px\" \/><\/a><\/p>\n<p>&nbsp;<\/p>\n<p>&nbsp;<\/p>\n<p><a href=\"\/-que-le-compro-\/wp-content\/uploads\/sites\/19\/2013\/02\/bolso41.jpg\"><img loading=\"lazy\" class=\"aligncenter size-full wp-image-1703\" title=\"bolso4\" src=\"\/-que-le-compro-\/wp-content\/uploads\/sites\/19\/2013\/02\/bolso41.jpg\" alt=\"\" width=\"400\" height=\"230\" srcset=\"https:\/\/static-blogs.diariosur.es\/wp-content\/uploads\/sites\/19\/2013\/02\/bolso41.jpg 400w, https:\/\/static-blogs.diariosur.es\/wp-content\/uploads\/sites\/19\/2013\/02\/bolso41-300x173.jpg 300w\" sizes=\"(max-width: 400px) 100vw, 400px\" \/><\/a><\/p>\n","protected":false},"excerpt":{"rendered":"<p>Suele decirse que hay complementos que son aut\u00e9nticas joyas, y en este caso la afirmaci\u00f3n es m\u00e1s que cierta. Durante toda esta semana, coincidiendo con la festividad de San Valent\u00edn, en Marbella pueden verse una serie de bolsos exclusivos como pocos. \u00a0Se trata de la nueva colecci\u00f3n de la firma Je Suis Design, que desde [&hellip;]<\/p>\n","protected":false},"author":24,"featured_media":0,"comment_status":"open","ping_status":"closed","sticky":false,"template":"","format":"standard","meta":[],"categories":[2,3,6],"tags":[470,1511,1755,2117,3492],"_links":{"self":[{"href":"https:\/\/blogs.diariosur.es\/-que-le-compro-\/wp-json\/wp\/v2\/posts\/1694"}],"collection":[{"href":"https:\/\/blogs.diariosur.es\/-que-le-compro-\/wp-json\/wp\/v2\/posts"}],"about":[{"href":"https:\/\/blogs.diariosur.es\/-que-le-compro-\/wp-json\/wp\/v2\/types\/post"}],"author":[{"embeddable":true,"href":"https:\/\/blogs.diariosur.es\/-que-le-compro-\/wp-json\/wp\/v2\/users\/24"}],"replies":[{"embeddable":true,"href":"https:\/\/blogs.diariosur.es\/-que-le-compro-\/wp-json\/wp\/v2\/comments?post=1694"}],"version-history":[{"count":0,"href":"https:\/\/blogs.diariosur.es\/-que-le-compro-\/wp-json\/wp\/v2\/posts\/1694\/revisions"}],"wp:attachment":[{"href":"https:\/\/blogs.diariosur.es\/-que-le-compro-\/wp-json\/wp\/v2\/media?parent=1694"}],"wp:term":[{"taxonomy":"category","embeddable":true,"href":"https:\/\/blogs.diariosur.es\/-que-le-compro-\/wp-json\/wp\/v2\/categories?post=1694"},{"taxonomy":"post_tag","embeddable":true,"href":"https:\/\/blogs.diariosur.es\/-que-le-compro-\/wp-json\/wp\/v2\/tags?post=1694"}],"curies":[{"name":"wp","href":"https:\/\/api.w.org\/{rel}","templated":true}]}}