{"id":1713,"date":"2013-02-14T08:49:24","date_gmt":"2013-02-14T07:49:24","guid":{"rendered":"http:\/\/blogs.diariosur.es\/-que-le-compro-\/?p=1713"},"modified":"2013-02-14T08:49:24","modified_gmt":"2013-02-14T07:49:24","slug":"regalos-para-san-valentin-ideas-baratas-para-el-dia-de-los-enamorados","status":"publish","type":"post","link":"https:\/\/blogs.diariosur.es\/-que-le-compro-\/2013\/02\/14\/regalos-para-san-valentin-ideas-baratas-para-el-dia-de-los-enamorados\/","title":{"rendered":"Regalos para San Valent\u00edn, ideas baratas para el D\u00eda de los Enamorados"},"content":{"rendered":"<div class=\"addthis_toolbox addthis_default_style \"><a class=\"addthis_button_facebook_like\" fb:like:layout=\"button_count\"><\/a><a class=\"addthis_button_tweet\"><\/a><a class=\"addthis_button_google_plusone\" g:plusone:size=\"medium\"><\/a><a class=\"addthis_counter addthis_pill_style\"><\/a><\/div>\n<p><script type=\"text\/javascript\">var addthis_config = {\"data_track_clickback\":true,\"data_track_addressbar\":false,\"data_track_textcopy\":false,\"ui_atversion\":\"300\"}; var addthis_product = 'wpp-3.0.2';<\/script><script type=\"text\/javascript\" src=\"\/\/s7.addthis.com\/js\/300\/addthis_widget.js#pubid=ra-50fc27702fb34fca\"><\/script><br \/>\n<span style=\"color: #333399;\">Estamos de acuerdo en que es un d\u00eda meramente comercial, de esos que a lo largo del a\u00f1o suscitan cierta pol\u00e9mica. Pero como ya se sabe &#8216;que una vez al a\u00f1o no hace da\u00f1o&#8217; no est\u00e1 de m\u00e1s marcarse un detalle con tu pareja el 14 de febrero, D\u00eda de San Valent\u00edn.<\/span><\/p>\n<p><span style=\"color: #333399;\">Pero como la situaci\u00f3n no est\u00e1 para muchos derroches, aqu\u00ed van una serie de propuestas originales de distintos precios para que (espero) entren en vuestras posibilidades. <\/span><\/p>\n<p><span style=\"color: #333399;\">Al margen de bombones, perfumes y joyas, uno de los grandes protagonistas en el D\u00eda de los Enamorados es la lencer\u00eda. Si quer\u00e9is elegir esta opci\u00f3n, pasaos por <strong>Oysho,<\/strong> <strong>Etam, Vanity Fair<\/strong>\u00a0o <strong>Intimissimi<\/strong>, por ejemplo. Y si quer\u00e9is algo m\u00e1s divertido, no os perd\u00e1is la l\u00ednea de<strong> Barrio S\u00e9samo<\/strong> que ha lanzado <strong>Women Secret<\/strong> de la que aqu\u00ed pod\u00e9is ver una muestra:<\/span><\/p>\n<div id=\"attachment_1705\" style=\"width: 460px\" class=\"wp-caption aligncenter\"><a href=\"\/-que-le-compro-\/wp-content\/uploads\/sites\/19\/2013\/02\/sv-sesamo-ws1.jpg\"><img aria-describedby=\"caption-attachment-1705\" loading=\"lazy\" class=\"size-full wp-image-1705\" src=\"\/-que-le-compro-\/wp-content\/uploads\/sites\/19\/2013\/02\/sv-sesamo-ws1.jpg\" alt=\"Conjunto de ropa interior de Coco de Barrio S\u00e9samo\" width=\"450\" height=\"336\" srcset=\"https:\/\/static-blogs.diariosur.es\/wp-content\/uploads\/sites\/19\/2013\/02\/sv-sesamo-ws1.jpg 450w, https:\/\/static-blogs.diariosur.es\/wp-content\/uploads\/sites\/19\/2013\/02\/sv-sesamo-ws1-300x224.jpg 300w\" sizes=\"(max-width: 450px) 100vw, 450px\" \/><\/a><p id=\"caption-attachment-1705\" class=\"wp-caption-text\">Conjunto de ropa interior de Coco de Barrio S\u00e9samo<\/p><\/div>\n<p>&nbsp;<\/p>\n<p>&nbsp;<\/p>\n<div id=\"attachment_1706\" style=\"width: 460px\" class=\"wp-caption aligncenter\"><a href=\"\/-que-le-compro-\/wp-content\/uploads\/sites\/19\/2013\/02\/sv-bragas-sesamo.jpg\"><img aria-describedby=\"caption-attachment-1706\" loading=\"lazy\" class=\"size-full wp-image-1706\" src=\"\/-que-le-compro-\/wp-content\/uploads\/sites\/19\/2013\/02\/sv-bragas-sesamo.jpg\" alt=\"Epi, Blas, la gallina Caponata y sus amigos\" width=\"450\" height=\"363\" srcset=\"https:\/\/static-blogs.diariosur.es\/wp-content\/uploads\/sites\/19\/2013\/02\/sv-bragas-sesamo.jpg 450w, https:\/\/static-blogs.diariosur.es\/wp-content\/uploads\/sites\/19\/2013\/02\/sv-bragas-sesamo-300x242.jpg 300w\" sizes=\"(max-width: 450px) 100vw, 450px\" \/><\/a><p id=\"caption-attachment-1706\" class=\"wp-caption-text\">Epi, Blas, la gallina Caponata y sus amigos<\/p><\/div>\n<p><span style=\"color: #333399;\">Ellos tienen la r\u00e9plica en la colecci\u00f3n de <strong>David Beckham<\/strong> para<strong> H&#038;M<\/strong>, que cuenta con boxers, camisetas interiores o slips a buen precio. Desde luego, la caja en la que vienen es un gran reclamo, como supongo coincidir\u00e9is conmigo:<\/span><\/p>\n<div id=\"attachment_1707\" style=\"width: 460px\" class=\"wp-caption aligncenter\"><a href=\"\/-que-le-compro-\/wp-content\/uploads\/sites\/19\/2013\/02\/sv-beckham.jpg\"><img aria-describedby=\"caption-attachment-1707\" loading=\"lazy\" class=\"size-full wp-image-1707\" src=\"\/-que-le-compro-\/wp-content\/uploads\/sites\/19\/2013\/02\/sv-beckham.jpg\" alt=\"Boxers de Beckham para H&#038;M, por 14.95 euros\" width=\"450\" height=\"526\" srcset=\"https:\/\/static-blogs.diariosur.es\/wp-content\/uploads\/sites\/19\/2013\/02\/sv-beckham.jpg 450w, https:\/\/static-blogs.diariosur.es\/wp-content\/uploads\/sites\/19\/2013\/02\/sv-beckham-257x300.jpg 257w\" sizes=\"(max-width: 450px) 100vw, 450px\" \/><\/a><p id=\"caption-attachment-1707\" class=\"wp-caption-text\">Boxers de Beckham para H&M, por 14.95 euros<\/p><\/div>\n<p>&nbsp;<\/p>\n<p><span style=\"color: #333399;\">Seguimos con moda, pero ahora saltamos a la que todos ven. <strong>Pull &#038; Bear<\/strong> ha lanzado una colecci\u00f3n inspirada en los famosos cereales de <strong>Kellogg&#8217;s,<\/strong> tanto chico como para chica, b\u00e1sicamente son sudaderas y camisetas a muy buen precio (30 y 16 euros, respectivamente). Aqu\u00ed las ten\u00e9is, \u00bfos gustan?<\/span><\/p>\n<div id=\"attachment_1708\" style=\"width: 510px\" class=\"wp-caption aligncenter\"><a href=\"\/-que-le-compro-\/wp-content\/uploads\/sites\/19\/2013\/02\/sv-krispis1.jpg\"><img aria-describedby=\"caption-attachment-1708\" loading=\"lazy\" class=\"size-full wp-image-1708\" src=\"\/-que-le-compro-\/wp-content\/uploads\/sites\/19\/2013\/02\/sv-krispis1.jpg\" alt=\"La famosa Frosties de Kellogg's, en camiseta para ellos\" width=\"500\" height=\"532\" srcset=\"https:\/\/static-blogs.diariosur.es\/wp-content\/uploads\/sites\/19\/2013\/02\/sv-krispis1.jpg 500w, https:\/\/static-blogs.diariosur.es\/wp-content\/uploads\/sites\/19\/2013\/02\/sv-krispis1-282x300.jpg 282w\" sizes=\"(max-width: 500px) 100vw, 500px\" \/><\/a><p id=\"caption-attachment-1708\" class=\"wp-caption-text\">La famosa Frosties de Kellogg&#39;s, en camiseta para ellos<\/p><\/div>\n<p>&nbsp;<\/p>\n<div id=\"attachment_1709\" style=\"width: 510px\" class=\"wp-caption aligncenter\"><a href=\"\/-que-le-compro-\/wp-content\/uploads\/sites\/19\/2013\/02\/sv-krispis-ella.jpg\"><img aria-describedby=\"caption-attachment-1709\" loading=\"lazy\" class=\"size-full wp-image-1709\" src=\"\/-que-le-compro-\/wp-content\/uploads\/sites\/19\/2013\/02\/sv-krispis-ella.jpg\" alt=\"El tigre Tony de los cereales Kellogg's, en camiseta para ellas\" width=\"500\" height=\"621\" srcset=\"https:\/\/static-blogs.diariosur.es\/wp-content\/uploads\/sites\/19\/2013\/02\/sv-krispis-ella.jpg 500w, https:\/\/static-blogs.diariosur.es\/wp-content\/uploads\/sites\/19\/2013\/02\/sv-krispis-ella-242x300.jpg 242w\" sizes=\"(max-width: 500px) 100vw, 500px\" \/><\/a><p id=\"caption-attachment-1709\" class=\"wp-caption-text\">El tigre Tony de los cereales Kellogg&#39;s, en camiseta para ellas<\/p><\/div>\n<p>&nbsp;<\/p>\n<div id=\"attachment_1714\" style=\"width: 410px\" class=\"wp-caption aligncenter\"><a href=\"\/-que-le-compro-\/wp-content\/uploads\/sites\/19\/2013\/02\/sv-sudadera.jpg\"><img aria-describedby=\"caption-attachment-1714\" loading=\"lazy\" class=\"size-full wp-image-1714\" title=\"Sudadera de Kellogg's by Pull &#038; Bear\" src=\"\/-que-le-compro-\/wp-content\/uploads\/sites\/19\/2013\/02\/sv-sudadera.jpg\" alt=\"Sudadera de Kellogg's by Pull &#038; Bear\" width=\"400\" height=\"479\" srcset=\"https:\/\/static-blogs.diariosur.es\/wp-content\/uploads\/sites\/19\/2013\/02\/sv-sudadera.jpg 400w, https:\/\/static-blogs.diariosur.es\/wp-content\/uploads\/sites\/19\/2013\/02\/sv-sudadera-251x300.jpg 251w\" sizes=\"(max-width: 400px) 100vw, 400px\" \/><\/a><p id=\"caption-attachment-1714\" class=\"wp-caption-text\">Sudadera de Kellogg&#39;s by Pull & Bear<\/p><\/div>\n<p><span style=\"color: #000080;\">Tambi\u00e9n en plan revival es la propuesta de <strong>Havaianas,<\/strong> que nos adelanta la llegada del verano con este entra\u00f1able par de chanclas inspirado en la pel\u00edcula de Disney La dama y el vagabundo (precio aproximado, 24 euros)<\/span><\/p>\n<div id=\"attachment_1710\" style=\"width: 460px\" class=\"wp-caption aligncenter\"><a href=\"\/-que-le-compro-\/wp-content\/uploads\/sites\/19\/2013\/02\/sv-havaianas.jpg\"><img aria-describedby=\"caption-attachment-1710\" loading=\"lazy\" class=\"size-full wp-image-1710\" src=\"\/-que-le-compro-\/wp-content\/uploads\/sites\/19\/2013\/02\/sv-havaianas.jpg\" alt=\"Havaianas de La dama y el vagabundo\" width=\"450\" height=\"296\" srcset=\"https:\/\/static-blogs.diariosur.es\/wp-content\/uploads\/sites\/19\/2013\/02\/sv-havaianas.jpg 450w, https:\/\/static-blogs.diariosur.es\/wp-content\/uploads\/sites\/19\/2013\/02\/sv-havaianas-300x197.jpg 300w\" sizes=\"(max-width: 450px) 100vw, 450px\" \/><\/a><p id=\"caption-attachment-1710\" class=\"wp-caption-text\">Havaianas de La dama y el vagabundo<\/p><\/div>\n<p>&nbsp;<\/p>\n<p><span style=\"color: #333399;\">Pensando ahora en joyas, Un a\u00f1o m\u00e1s, tanto <strong>Tous<\/strong> como <strong>Swarovski<\/strong> han lanzado complementos con motivo de San Valent\u00edn, que en esta ocasi\u00f3n Tous ha acompa\u00f1ado del concurso #hechoconamor. \u00bfEn qu\u00e9 consiste? Sube una foto rom\u00e1ntica o &#8220;hecha con amor&#8221; a Instagram con el hashtag\u00a0<strong>#hechoconamor.<\/strong> Las tres im\u00e1genes que consigan m\u00e1s &#8216;likes&#8217; obtendr\u00e1n una joya de la firma como premio. Y al margen de pulseras, anillos o colgantes, me ha llamado la atenci\u00f3n este l\u00e1piz t\u00e1ctil de Hello Kitty de Swarovski, desde luego un obsequio pr\u00e1ctico y asequible (29 euros):<\/span><\/p>\n<div id=\"attachment_1716\" style=\"width: 510px\" class=\"wp-caption aligncenter\"><a href=\"\/-que-le-compro-\/wp-content\/uploads\/sites\/19\/2013\/02\/sv-lapiz-kitty.jpg\"><img aria-describedby=\"caption-attachment-1716\" loading=\"lazy\" class=\"size-full wp-image-1716\" title=\"L\u00e1piz t\u00e1ctil de Hello Kitty de Swarovski\" src=\"\/-que-le-compro-\/wp-content\/uploads\/sites\/19\/2013\/02\/sv-lapiz-kitty.jpg\" alt=\"L\u00e1piz t\u00e1ctil de Hello Kitty de Swarovski\" width=\"500\" height=\"301\" srcset=\"https:\/\/static-blogs.diariosur.es\/wp-content\/uploads\/sites\/19\/2013\/02\/sv-lapiz-kitty.jpg 500w, https:\/\/static-blogs.diariosur.es\/wp-content\/uploads\/sites\/19\/2013\/02\/sv-lapiz-kitty-300x181.jpg 300w\" sizes=\"(max-width: 500px) 100vw, 500px\" \/><\/a><p id=\"caption-attachment-1716\" class=\"wp-caption-text\">L\u00e1piz t\u00e1ctil de Hello Kitty de Swarovski<\/p><\/div>\n<p><span style=\"color: #333399;\">Y por \u00faltimo, una propuesta tanto para ellos como para ellas. Interesante tambi\u00e9n la l\u00ednea San Valent\u00edn de<strong> Zara Home<\/strong>, que cuenta con distintos art\u00edculos de decoraci\u00f3n a precios bastante asequibles y que ofrece desde marcos a velas a cojines, aqu\u00ed pod\u00e9is ver parte del cat\u00e1logo:<\/span><\/p>\n<div id=\"attachment_1711\" style=\"width: 460px\" class=\"wp-caption aligncenter\"><a href=\"\/-que-le-compro-\/wp-content\/uploads\/sites\/19\/2013\/02\/sv-zara-home.jpg\"><img aria-describedby=\"caption-attachment-1711\" loading=\"lazy\" class=\"size-full wp-image-1711\" src=\"\/-que-le-compro-\/wp-content\/uploads\/sites\/19\/2013\/02\/sv-zara-home.jpg\" alt=\"Complementos San Valent\u00edn de Zara Home\" width=\"450\" height=\"438\" srcset=\"https:\/\/static-blogs.diariosur.es\/wp-content\/uploads\/sites\/19\/2013\/02\/sv-zara-home.jpg 450w, https:\/\/static-blogs.diariosur.es\/wp-content\/uploads\/sites\/19\/2013\/02\/sv-zara-home-300x292.jpg 300w\" sizes=\"(max-width: 450px) 100vw, 450px\" \/><\/a><p id=\"caption-attachment-1711\" class=\"wp-caption-text\">Complementos San Valent\u00edn de Zara Home<\/p><\/div>\n<p>&nbsp;<\/p>\n<p><span style=\"color: #333399;\">Y si no ten\u00e9is apenas tiempo para ir de tiendas, un par de recomendaciones m\u00e1s donde seguro acertar\u00e9is: <strong><a href=\"http:\/\/www.cuandoestudia.com\" rel=\"external nofollow\">\u00bfCu\u00e1ndo es tu d\u00eda?<\/a>,<\/strong> empresa malague\u00f1a especialista en eventos, las tiendas <strong><a href=\"http:\/\/www.superskunk.es\" rel=\"external nofollow\">Superskunk<\/a><\/strong> (en el Centro y los centros comerciales) y en la web\u00a0<strong><a href=\"http:\/\/oferplan.diariosur.es\/\" rel=\"external nofollow\">Oferplan<\/a><\/strong>, que tambi\u00e9n ofrece interesantes propuestas de distinto \u00e1mbito.<\/span><\/p>\n<p><span style=\"color: #333399;\">\u00bfQu\u00e9 os parecen estas ideas? \u00a1Espero que os gusten y os sirvan!<\/span><\/p>\n<p><span style=\"font-size: medium; color: #333399;\"><strong>SAN VALENT\u00cdN EN CENTROS COMERCIALES<\/strong><\/span><\/p>\n<p><span style=\"color: #333399;\">Los centros comerciales de M\u00e1laga se suman a la tendencia de celebrar el 14 de febrero, y en estos d\u00edas ofrecen varias promociones a sus clientes. Por ejemplo, en <strong>El Ingenio<\/strong> (V\u00e9lez-M\u00e1laga) si presentas un ticket de compra igual o superior a 15 euros en el stand situado en la plaza principal de 17 a 21 horas podr\u00e1s conseguir una rosa o entradas 2&#215;1 en cines con su promoci\u00f3n &#8216;Mordiscos de amor&#8217;.<\/span><\/p>\n<p><span style=\"color: #333399;\">Por su parte, en el <strong>Larios Centro<\/strong> (M\u00e1laga capital) te obsequiar\u00e1n con un bol\u00edgrafo\u00a0con coraz\u00f3n presentando tiket de compra en el stand planta superior junto a Dunnes Stores. Asimismo, en el centro comercial <strong>Rinc\u00f3n de la Victoria<\/strong> el jueves 14 de 18 a 21 horas regalar\u00e1n fotos impresas a todas las parejas que se pasen por el photocall de la promoci\u00f3n &#8216;Danos la exclusiva&#8217;, que acab\u00f3 el pasado s\u00e1bado. As\u00ed, fuera de concurso, el fot\u00f3grafo tomar\u00e1 fotos de &#8220;portada de revista&#8221; a todas las parejas que pasen y regal\u00e1rselas impresas como recuerdo del D\u00eda de los Enamorados.<\/span><\/p>\n<p><span style=\"color: #333399;\">\u00a0Y por \u00faltimo, <strong>Muelle Uno<\/strong>\u00a0(Puerto de M\u00e1laga) ha puesto en marcha un concurso fotogr\u00e1fico. Los interesados tendr\u00e1n que subirla a la <a href=\"http:\/\/www.facebook.com\/muelleuno\/app_79458893817\" rel=\"external nofollow\">p\u00e1gina de Facebook<\/a> de la inicitiva hasta el pr\u00f3ximo 17 de febrero. Los cinco m\u00e1s votados ser\u00e1n los que embarquen en nuestro <span style=\"font-size: medium;\">Barco del Amor<\/span> junto a sus parejas, y navegar\u00e1n por la bah\u00eda malague\u00f1a el s\u00e1bado 23. \u00a0\u00bfOs interesa? \u00a1Suerte!<\/span><\/p>\n","protected":false},"excerpt":{"rendered":"<p>Estamos de acuerdo en que es un d\u00eda meramente comercial, de esos que a lo largo del a\u00f1o suscitan cierta pol\u00e9mica. Pero como ya se sabe &#8216;que una vez al a\u00f1o no hace da\u00f1o&#8217; no est\u00e1 de m\u00e1s marcarse un detalle con tu pareja el 14 de febrero, D\u00eda de San Valent\u00edn. Pero como la [&hellip;]<\/p>\n","protected":false},"author":24,"featured_media":0,"comment_status":"open","ping_status":"closed","sticky":false,"template":"","format":"standard","meta":[],"categories":[2,6,7],"tags":[34,561,576,702,1099,1200,1208,2545,2559,2785,3076,3191,3308,3927],"_links":{"self":[{"href":"https:\/\/blogs.diariosur.es\/-que-le-compro-\/wp-json\/wp\/v2\/posts\/1713"}],"collection":[{"href":"https:\/\/blogs.diariosur.es\/-que-le-compro-\/wp-json\/wp\/v2\/posts"}],"about":[{"href":"https:\/\/blogs.diariosur.es\/-que-le-compro-\/wp-json\/wp\/v2\/types\/post"}],"author":[{"embeddable":true,"href":"https:\/\/blogs.diariosur.es\/-que-le-compro-\/wp-json\/wp\/v2\/users\/24"}],"replies":[{"embeddable":true,"href":"https:\/\/blogs.diariosur.es\/-que-le-compro-\/wp-json\/wp\/v2\/comments?post=1713"}],"version-history":[{"count":0,"href":"https:\/\/blogs.diariosur.es\/-que-le-compro-\/wp-json\/wp\/v2\/posts\/1713\/revisions"}],"wp:attachment":[{"href":"https:\/\/blogs.diariosur.es\/-que-le-compro-\/wp-json\/wp\/v2\/media?parent=1713"}],"wp:term":[{"taxonomy":"category","embeddable":true,"href":"https:\/\/blogs.diariosur.es\/-que-le-compro-\/wp-json\/wp\/v2\/categories?post=1713"},{"taxonomy":"post_tag","embeddable":true,"href":"https:\/\/blogs.diariosur.es\/-que-le-compro-\/wp-json\/wp\/v2\/tags?post=1713"}],"curies":[{"name":"wp","href":"https:\/\/api.w.org\/{rel}","templated":true}]}}