{"id":1722,"date":"2013-02-16T10:08:53","date_gmt":"2013-02-16T09:08:53","guid":{"rendered":"http:\/\/blogs.diariosur.es\/-que-le-compro-\/?p=1722"},"modified":"2013-02-16T10:08:53","modified_gmt":"2013-02-16T09:08:53","slug":"mercadillo-plaza-activa-jovenes-disenadores-en-el-centro-de-malaga","status":"publish","type":"post","link":"https:\/\/blogs.diariosur.es\/-que-le-compro-\/2013\/02\/16\/mercadillo-plaza-activa-jovenes-disenadores-en-el-centro-de-malaga\/","title":{"rendered":"Mercadillo Plaza Activa, j\u00f3venes dise\u00f1adores en el Centro de M\u00e1laga"},"content":{"rendered":"<div class=\"addthis_toolbox addthis_default_style \"><a class=\"addthis_button_facebook_like\"><\/a><a class=\"addthis_button_tweet\"><\/a><a class=\"addthis_button_google_plusone\"><\/a><a class=\"addthis_counter addthis_pill_style\"><\/a><\/div>\n<p>var addthis_config = {&#8220;data_track_clickback&#8221;:true,&#8221;data_track_addressbar&#8221;:false,&#8221;data_track_textcopy&#8221;:false,&#8221;ui_atversion&#8221;:&#8221;300&#8243;}; var addthis_product = &#8216;wpp-3.0.2&#8217;;<\/p>\n<p><span style=\"color: #333399\">Suena a broma pero es el nombre (resaca de San Valent\u00edn) con el que han bautizado a la edici\u00f3n de este mes. El colectivo <strong>Plaza Activa<\/strong> vuelve a organizar su mercadillo este s\u00e1bado, 16 de febrero, en la <strong>plaza San Pedro Alc\u00e1ntara<\/strong> (ya sab\u00e9is, entre las calles Carreter\u00eda y \u00c1lamos), en pleno Centro de M\u00e1laga.<\/span><\/p>\n<p><span style=\"color: #333399\">Los complementos handmade, la moda, los complementos y sobre todo el ingenio y la creatividad de los j\u00f3venes dise\u00f1adores como <strong>La Se\u00f1ora Yamamoto, Pepa Ruso Artesan\u00edas, Carapau o BB Tocados<\/strong>, entre otros, ser\u00e1n protagonistas de esta muestra artesanal, que se celebrar\u00e1 <span style=\"text-decoration: underline\">de 12 de la ma\u00f1ana a ocho de la tarde,<\/span> ininterrumpidamente.<\/span><\/p>\n<p><span style=\"color: #333399\">As\u00ed que ya sab\u00e9is, no dej\u00e9is de daros una vuelta por la popularmente conocida como \u2018plaza de la mierda\u2019 que seguro que merecer\u00e1 la pena ir a echar un ojo.<\/span><\/p>\n<p><span style=\"color: #333399\">\u00a1Que no se os olvide!<\/span><\/p>\n<div id=\"attachment_1720\" style=\"width: 510px\" class=\"wp-caption aligncenter\"><a href=\"\/-que-le-compro-\/wp-content\/uploads\/sites\/19\/2013\/02\/mercadillo-plaza-activa.jpg\"><img aria-describedby=\"caption-attachment-1720\" loading=\"lazy\" class=\"size-full wp-image-1720\" src=\"\/-que-le-compro-\/wp-content\/uploads\/sites\/19\/2013\/02\/mercadillo-plaza-activa.jpg\" alt=\"Muestra de creadores de Plaza Activa, 16 de febrero\" width=\"500\" height=\"724\" srcset=\"https:\/\/static-blogs.diariosur.es\/wp-content\/uploads\/sites\/19\/2013\/02\/mercadillo-plaza-activa.jpg 500w, https:\/\/static-blogs.diariosur.es\/wp-content\/uploads\/sites\/19\/2013\/02\/mercadillo-plaza-activa-207x300.jpg 207w\" sizes=\"(max-width: 500px) 100vw, 500px\" \/><\/a><p id=\"caption-attachment-1720\" class=\"wp-caption-text\">Muestra de creadores de Plaza Activa, 16 de febrero<\/p><\/div>\n","protected":false},"excerpt":{"rendered":"<p>var addthis_config = {&#8220;data_track_clickback&#8221;:true,&#8221;data_track_addressbar&#8221;:false,&#8221;data_track_textcopy&#8221;:false,&#8221;ui_atversion&#8221;:&#8221;300&#8243;}; var addthis_product = &#8216;wpp-3.0.2&#8217;; Suena a broma pero es el nombre (resaca de San Valent\u00edn) con el que han bautizado a la edici\u00f3n de este mes. El colectivo Plaza Activa vuelve a organizar su mercadillo este s\u00e1bado, 16 de febrero, en la plaza San Pedro Alc\u00e1ntara (ya sab\u00e9is, entre las calles [&hellip;]<\/p>\n","protected":false},"author":24,"featured_media":0,"comment_status":"open","ping_status":"closed","sticky":false,"template":"","format":"standard","meta":[],"categories":[4,6],"tags":[397,605,935,936,1131,1912,2574,2898,2952,3536],"_links":{"self":[{"href":"https:\/\/blogs.diariosur.es\/-que-le-compro-\/wp-json\/wp\/v2\/posts\/1722"}],"collection":[{"href":"https:\/\/blogs.diariosur.es\/-que-le-compro-\/wp-json\/wp\/v2\/posts"}],"about":[{"href":"https:\/\/blogs.diariosur.es\/-que-le-compro-\/wp-json\/wp\/v2\/types\/post"}],"author":[{"embeddable":true,"href":"https:\/\/blogs.diariosur.es\/-que-le-compro-\/wp-json\/wp\/v2\/users\/24"}],"replies":[{"embeddable":true,"href":"https:\/\/blogs.diariosur.es\/-que-le-compro-\/wp-json\/wp\/v2\/comments?post=1722"}],"version-history":[{"count":0,"href":"https:\/\/blogs.diariosur.es\/-que-le-compro-\/wp-json\/wp\/v2\/posts\/1722\/revisions"}],"wp:attachment":[{"href":"https:\/\/blogs.diariosur.es\/-que-le-compro-\/wp-json\/wp\/v2\/media?parent=1722"}],"wp:term":[{"taxonomy":"category","embeddable":true,"href":"https:\/\/blogs.diariosur.es\/-que-le-compro-\/wp-json\/wp\/v2\/categories?post=1722"},{"taxonomy":"post_tag","embeddable":true,"href":"https:\/\/blogs.diariosur.es\/-que-le-compro-\/wp-json\/wp\/v2\/tags?post=1722"}],"curies":[{"name":"wp","href":"https:\/\/api.w.org\/{rel}","templated":true}]}}