{"id":1729,"date":"2013-02-21T18:12:06","date_gmt":"2013-02-21T17:12:06","guid":{"rendered":"http:\/\/blogs.diariosur.es\/-que-le-compro-\/?p=1729"},"modified":"2013-02-21T18:12:06","modified_gmt":"2013-02-21T17:12:06","slug":"mercadillo-de-guadalhorce-ecologico-en-parque-huelin-el-sabado","status":"publish","type":"post","link":"https:\/\/blogs.diariosur.es\/-que-le-compro-\/2013\/02\/21\/mercadillo-de-guadalhorce-ecologico-en-parque-huelin-el-sabado\/","title":{"rendered":"Mercadillo de Guadalhorce Ecol\u00f3gico en Parque Huelin, el s\u00e1bado"},"content":{"rendered":"<div class=\"addthis_toolbox addthis_default_style \"><a class=\"addthis_button_facebook_like\" fb:like:layout=\"button_count\"><\/a><a class=\"addthis_button_tweet\"><\/a><a class=\"addthis_button_google_plusone\" g:plusone:size=\"medium\"><\/a><a class=\"addthis_counter addthis_pill_style\"><\/a><\/div>\n<p><script type=\"text\/javascript\">var addthis_config = {\"data_track_clickback\":true,\"data_track_addressbar\":false,\"data_track_textcopy\":false,\"ui_atversion\":\"300\"}; var addthis_product = 'wpp-3.0.2';<\/script><script type=\"text\/javascript\" src=\"\/\/s7.addthis.com\/js\/300\/addthis_widget.js#pubid=ra-50fc27702fb34fca\"><\/script><\/p>\n<p><span style=\"color: #333399\">Este s\u00e1bado ten\u00e9is una cita con la agricultura ecol\u00f3gica en M\u00e1laga capital. Porque llega fiel a su cita mensual (el cuarto s\u00e1bado) el mercadillo de la asociaci\u00f3n <strong>Guadalhorce Ecol\u00f3gico<\/strong>. De <span style=\"text-decoration: underline\">diez de la ma\u00f1ana a dos de la tarde<\/span> podr\u00e9is encontrar y adquirir productos de la huerta a vuestra bolsa, sin intermediarios, y a buen precio. El escenario es, si la lluvia no lo impide, el <strong>Parque Huelin<\/strong> una vez m\u00e1s.<\/span><\/p>\n<p><span style=\"color: #333399\">Os recuerdo el <strong>calendario de mercadillos<\/strong> organizados por Guadalhorce Ecol\u00f3gico:<\/span><\/p>\n<ul>\n<li><span style=\"color: #333399\">Primer domingo del mes: C\u00e1rtama Estaci\u00f3n\u00a0<\/span><\/li>\n<li><span style=\"color: #333399\">Segundo s\u00e1bado del mes: Alhaur\u00edn el Grande.<\/span><\/li>\n<li><span style=\"color: #333399\">Tercer s\u00e1bado del mes: Co\u00edn<\/span><\/li>\n<li><span style=\"color: #333399\">Cuarto domingo del mes: M\u00e1laga capital.<\/span><\/li>\n<li><span style=\"color: #333399\">\u00daltimo domingo del mes: Pizarra y desde ahora tambi\u00e9n en La Cala de Mijas.<\/span><\/li>\n<\/ul>\n<p>&nbsp;<\/p>\n<p><a href=\"\/-que-le-compro-\/wp-content\/uploads\/sites\/19\/2013\/02\/cartel-guadalhorce.jpg\"><img loading=\"lazy\" class=\"aligncenter size-full wp-image-1731\" src=\"\/-que-le-compro-\/wp-content\/uploads\/sites\/19\/2013\/02\/cartel-guadalhorce.jpg\" alt=\"Mercadillo de Guadalhorce Ecol\u00f3gico en M\u00e1laga capital\" width=\"300\" height=\"400\" srcset=\"https:\/\/static-blogs.diariosur.es\/wp-content\/uploads\/sites\/19\/2013\/02\/cartel-guadalhorce.jpg 300w, https:\/\/static-blogs.diariosur.es\/wp-content\/uploads\/sites\/19\/2013\/02\/cartel-guadalhorce-225x300.jpg 225w\" sizes=\"(max-width: 300px) 100vw, 300px\" \/><\/a><\/p>\n<p>&nbsp;<\/p>\n<p>&nbsp;<\/p>\n","protected":false},"excerpt":{"rendered":"<p>Este s\u00e1bado ten\u00e9is una cita con la agricultura ecol\u00f3gica en M\u00e1laga capital. Porque llega fiel a su cita mensual (el cuarto s\u00e1bado) el mercadillo de la asociaci\u00f3n Guadalhorce Ecol\u00f3gico. De diez de la ma\u00f1ana a dos de la tarde podr\u00e9is encontrar y adquirir productos de la huerta a vuestra bolsa, sin intermediarios, y a buen [&hellip;]<\/p>\n","protected":false},"author":24,"featured_media":0,"comment_status":"open","ping_status":"closed","sticky":false,"template":"","format":"standard","meta":[],"categories":[4],"tags":[1584,2224,2359,2832],"_links":{"self":[{"href":"https:\/\/blogs.diariosur.es\/-que-le-compro-\/wp-json\/wp\/v2\/posts\/1729"}],"collection":[{"href":"https:\/\/blogs.diariosur.es\/-que-le-compro-\/wp-json\/wp\/v2\/posts"}],"about":[{"href":"https:\/\/blogs.diariosur.es\/-que-le-compro-\/wp-json\/wp\/v2\/types\/post"}],"author":[{"embeddable":true,"href":"https:\/\/blogs.diariosur.es\/-que-le-compro-\/wp-json\/wp\/v2\/users\/24"}],"replies":[{"embeddable":true,"href":"https:\/\/blogs.diariosur.es\/-que-le-compro-\/wp-json\/wp\/v2\/comments?post=1729"}],"version-history":[{"count":0,"href":"https:\/\/blogs.diariosur.es\/-que-le-compro-\/wp-json\/wp\/v2\/posts\/1729\/revisions"}],"wp:attachment":[{"href":"https:\/\/blogs.diariosur.es\/-que-le-compro-\/wp-json\/wp\/v2\/media?parent=1729"}],"wp:term":[{"taxonomy":"category","embeddable":true,"href":"https:\/\/blogs.diariosur.es\/-que-le-compro-\/wp-json\/wp\/v2\/categories?post=1729"},{"taxonomy":"post_tag","embeddable":true,"href":"https:\/\/blogs.diariosur.es\/-que-le-compro-\/wp-json\/wp\/v2\/tags?post=1729"}],"curies":[{"name":"wp","href":"https:\/\/api.w.org\/{rel}","templated":true}]}}