{"id":1732,"date":"2013-02-22T12:03:35","date_gmt":"2013-02-22T11:03:35","guid":{"rendered":"http:\/\/blogs.diariosur.es\/-que-le-compro-\/?p=1732"},"modified":"2013-02-22T12:03:35","modified_gmt":"2013-02-22T11:03:35","slug":"desfile-de-la-legion-501-en-malaga","status":"publish","type":"post","link":"https:\/\/blogs.diariosur.es\/-que-le-compro-\/2013\/02\/22\/desfile-de-la-legion-501-en-malaga\/","title":{"rendered":"Desfile de la Legi\u00f3n 501 en M\u00e1laga a beneficio de Aspahidev"},"content":{"rendered":"<p><span style=\"color: #333399\">La <strong>Legi\u00f3n 501<\/strong> vuelve a M\u00e1laga. Si eres seguidor de las tropas de Star Wars, este s\u00e1bado, 23 de febrero, tienes una cita con los soldados de La Guerra de las Galaxias. Y adem\u00e1s es ben\u00e9fica, as\u00ed que tienes otro buen argumento para asistir.\u00a0<\/span><\/p>\n<p><span style=\"color: #333399\">El escenario del desfile ser\u00e1 el centro comercial <strong>Larios Centro<\/strong>, donde los asistentes podr\u00e1n adem\u00e1s fotografiarse con los personajes de esta saga de cine, con Darth Vader a la cabeza. El evento se celebra a beneficio de la Asociaci\u00f3n de Padres con Hijos Deficientes Visuales (<strong>ASPAHIDEV<\/strong>) de M\u00e1laga, que durante la jornada recaudar\u00e1 fondos para su valor a trav\u00e9s de donativos y la venta\u00a0de art\u00edculos elaborados y cedidos por socios y personas cercanas a la entidad.<\/span><\/p>\n<p><span style=\"color: #333399\">Podr\u00e1s disfrutar del espect\u00e1culo por la ma\u00f1ana y por la tarde en este <span style=\"text-decoration: underline\">horario: de 11 a 13.30 horas y de 17 a 20:30<\/span>. \u00a1Que no se te olvide, que es por una buena causa!<\/span><\/p>\n<p>&nbsp;<\/p>\n<p><a href=\"\/-que-le-compro-\/wp-content\/uploads\/sites\/19\/2013\/02\/desfile-blog.jpg\"><img loading=\"lazy\" class=\"size-full wp-image-1735 aligncenter\" src=\"\/-que-le-compro-\/wp-content\/uploads\/sites\/19\/2013\/02\/desfile-blog.jpg\" alt=\"Las tropas de la Legi\u00f3n 501 desfilan en M\u00e1laga\" width=\"400\" height=\"247\" srcset=\"https:\/\/static-blogs.diariosur.es\/wp-content\/uploads\/sites\/19\/2013\/02\/desfile-blog.jpg 400w, https:\/\/static-blogs.diariosur.es\/wp-content\/uploads\/sites\/19\/2013\/02\/desfile-blog-300x185.jpg 300w\" sizes=\"(max-width: 400px) 100vw, 400px\" \/><\/a><\/p>\n<p><script type=\"text\/javascript\">var addthis_config = {\"data_track_clickback\":true,\"data_track_addressbar\":false,\"data_track_textcopy\":false,\"ui_atversion\":\"300\"}; var addthis_product = 'wpp-3.0.2';<\/script><script type=\"text\/javascript\" src=\"\/\/s7.addthis.com\/js\/300\/addthis_widget.js#pubid=ra-50fc27702fb34fca\"><\/script><\/p>\n","protected":false},"excerpt":{"rendered":"<p>La Legi\u00f3n 501 vuelve a M\u00e1laga. Si eres seguidor de las tropas de Star Wars, este s\u00e1bado, 23 de febrero, tienes una cita con los soldados de La Guerra de las Galaxias. Y adem\u00e1s es ben\u00e9fica, as\u00ed que tienes otro buen argumento para asistir.\u00a0 El escenario del desfile ser\u00e1 el centro comercial Larios Centro, donde [&hellip;]<\/p>\n","protected":false},"author":24,"featured_media":0,"comment_status":"open","ping_status":"closed","sticky":false,"template":"","format":"standard","meta":[],"categories":[2],"tags":[323,1079,1937,1951,3457,3798],"_links":{"self":[{"href":"https:\/\/blogs.diariosur.es\/-que-le-compro-\/wp-json\/wp\/v2\/posts\/1732"}],"collection":[{"href":"https:\/\/blogs.diariosur.es\/-que-le-compro-\/wp-json\/wp\/v2\/posts"}],"about":[{"href":"https:\/\/blogs.diariosur.es\/-que-le-compro-\/wp-json\/wp\/v2\/types\/post"}],"author":[{"embeddable":true,"href":"https:\/\/blogs.diariosur.es\/-que-le-compro-\/wp-json\/wp\/v2\/users\/24"}],"replies":[{"embeddable":true,"href":"https:\/\/blogs.diariosur.es\/-que-le-compro-\/wp-json\/wp\/v2\/comments?post=1732"}],"version-history":[{"count":0,"href":"https:\/\/blogs.diariosur.es\/-que-le-compro-\/wp-json\/wp\/v2\/posts\/1732\/revisions"}],"wp:attachment":[{"href":"https:\/\/blogs.diariosur.es\/-que-le-compro-\/wp-json\/wp\/v2\/media?parent=1732"}],"wp:term":[{"taxonomy":"category","embeddable":true,"href":"https:\/\/blogs.diariosur.es\/-que-le-compro-\/wp-json\/wp\/v2\/categories?post=1732"},{"taxonomy":"post_tag","embeddable":true,"href":"https:\/\/blogs.diariosur.es\/-que-le-compro-\/wp-json\/wp\/v2\/tags?post=1732"}],"curies":[{"name":"wp","href":"https:\/\/api.w.org\/{rel}","templated":true}]}}