{"id":1743,"date":"2013-02-27T17:17:37","date_gmt":"2013-02-27T16:17:37","guid":{"rendered":"http:\/\/blogs.diariosur.es\/-que-le-compro-\/?p=1743"},"modified":"2013-02-27T17:17:37","modified_gmt":"2013-02-27T16:17:37","slug":"mercadillo-especial-de-reunion-de-creadores-en-muelle-uno","status":"publish","type":"post","link":"https:\/\/blogs.diariosur.es\/-que-le-compro-\/2013\/02\/27\/mercadillo-especial-de-reunion-de-creadores-en-muelle-uno\/","title":{"rendered":"Mercadillo especial de Reuni\u00f3n de Creadores en Muelle Uno"},"content":{"rendered":"<div class=\"addthis_toolbox addthis_default_style \"><a class=\"addthis_button_facebook_like\" fb:like:layout=\"button_count\"><\/a><a class=\"addthis_button_tweet\"><\/a><a class=\"addthis_button_google_plusone\" g:plusone:size=\"medium\"><\/a><a class=\"addthis_counter addthis_pill_style\"><\/a><\/div>\n<p><script type=\"text\/javascript\">var addthis_config = {\"data_track_clickback\":true,\"data_track_addressbar\":false,\"data_track_textcopy\":false,\"ui_atversion\":\"300\"}; var addthis_product = 'wpp-3.0.2';<\/script><script type=\"text\/javascript\" src=\"\/\/s7.addthis.com\/js\/300\/addthis_widget.js#pubid=ra-50fc27702fb34fca\"><\/script><\/p>\n<p><span style=\"color: #333399;font-size: medium\">Una propuesta de plan para este fin de semana, en el que algunos incluso tienen puente por el D\u00eda de Andaluc\u00eda. La asociaci\u00f3n [Re] Uni\u00f3n de Creadores acude fiel a su cita en Muelle Uno, pero en esta ocasi\u00f3n por triplicado. As\u00ed, en vez del domingo, como viene ser habitual, esta semana habr\u00e1 mercadillo <strong>tambi\u00e9n el viernes 1 y el s\u00e1bado 2 por la ma\u00f1ana<\/strong>.<\/span><\/p>\n<p><span style=\"color: #333399;font-size: medium\">Inicialmente la idea era empezar esta edici\u00f3n extra el jueves 28, pero ya que se anuncia mal tiempo se ha decidido posponer el arranque de la cita al viernes 1.\u00a0<\/span><\/p>\n<p><span style=\"color: #333399;font-size: medium\">As\u00ed que ya sab\u00e9is, artesan\u00eda, moda, bisuter\u00eda, complementos handmade y mucho m\u00e1s en los distintos expositores de esta muestra artesanal, que se encuentra en la entrada al recinto por la calle V\u00e9lez-M\u00e1laga.<\/span><\/p>\n","protected":false},"excerpt":{"rendered":"<p>Una propuesta de plan para este fin de semana, en el que algunos incluso tienen puente por el D\u00eda de Andaluc\u00eda. La asociaci\u00f3n [Re] Uni\u00f3n de Creadores acude fiel a su cita en Muelle Uno, pero en esta ocasi\u00f3n por triplicado. As\u00ed, en vez del domingo, como viene ser habitual, esta semana habr\u00e1 mercadillo tambi\u00e9n [&hellip;]<\/p>\n","protected":false},"author":24,"featured_media":0,"comment_status":"open","ping_status":"closed","sticky":false,"template":"","format":"standard","meta":[],"categories":[4,6],"tags":[318,1130,2359,2559,2562],"_links":{"self":[{"href":"https:\/\/blogs.diariosur.es\/-que-le-compro-\/wp-json\/wp\/v2\/posts\/1743"}],"collection":[{"href":"https:\/\/blogs.diariosur.es\/-que-le-compro-\/wp-json\/wp\/v2\/posts"}],"about":[{"href":"https:\/\/blogs.diariosur.es\/-que-le-compro-\/wp-json\/wp\/v2\/types\/post"}],"author":[{"embeddable":true,"href":"https:\/\/blogs.diariosur.es\/-que-le-compro-\/wp-json\/wp\/v2\/users\/24"}],"replies":[{"embeddable":true,"href":"https:\/\/blogs.diariosur.es\/-que-le-compro-\/wp-json\/wp\/v2\/comments?post=1743"}],"version-history":[{"count":0,"href":"https:\/\/blogs.diariosur.es\/-que-le-compro-\/wp-json\/wp\/v2\/posts\/1743\/revisions"}],"wp:attachment":[{"href":"https:\/\/blogs.diariosur.es\/-que-le-compro-\/wp-json\/wp\/v2\/media?parent=1743"}],"wp:term":[{"taxonomy":"category","embeddable":true,"href":"https:\/\/blogs.diariosur.es\/-que-le-compro-\/wp-json\/wp\/v2\/categories?post=1743"},{"taxonomy":"post_tag","embeddable":true,"href":"https:\/\/blogs.diariosur.es\/-que-le-compro-\/wp-json\/wp\/v2\/tags?post=1743"}],"curies":[{"name":"wp","href":"https:\/\/api.w.org\/{rel}","templated":true}]}}