{"id":1745,"date":"2013-03-02T21:22:06","date_gmt":"2013-03-02T20:22:06","guid":{"rendered":"http:\/\/blogs.diariosur.es\/-que-le-compro-\/?p=1745"},"modified":"2013-03-02T21:22:06","modified_gmt":"2013-03-02T20:22:06","slug":"suspendido-el-mercadillo-banos-del-carmen-que-cumple-tres-anos","status":"publish","type":"post","link":"https:\/\/blogs.diariosur.es\/-que-le-compro-\/2013\/03\/02\/suspendido-el-mercadillo-banos-del-carmen-que-cumple-tres-anos\/","title":{"rendered":"Aplazada la edici\u00f3n de marzo del mercadillo Ba\u00f1os del Carmen, que cumple tres a\u00f1os"},"content":{"rendered":"<div class=\"addthis_toolbox addthis_default_style \"><a class=\"addthis_button_facebook_like\" fb:like:layout=\"button_count\"><\/a><a class=\"addthis_button_tweet\"><\/a><a class=\"addthis_button_google_plusone\" g:plusone:size=\"medium\"><\/a><a class=\"addthis_counter addthis_pill_style\"><\/a><\/div>\n<p><script type=\"text\/javascript\">var addthis_config = {\"data_track_clickback\":true,\"data_track_addressbar\":false,\"data_track_textcopy\":false,\"ui_atversion\":\"300\"}; var addthis_product = 'wpp-3.0.2';<\/script><script type=\"text\/javascript\" src=\"\/\/s7.addthis.com\/js\/300\/addthis_widget.js#pubid=ra-50fc27702fb34fca\"><\/script><\/p>\n<p><span style=\"font-size: medium;\"><span style=\"color: #000080;\">La celebraci\u00f3n tendr\u00e1 que esperar. Este domingo, 3 de marzo, como todos los primeros de cada mes, el mercadillo de los Ba\u00f1os del Carmen volv\u00eda a su cita en el paseo mar\u00edtimo de El Palo. Iba a ser una convocatoria muy especial ya que se cumple el tercer aniversario de esta muestra artesanal, pero la fiesta tendr\u00e1 que <\/span><strong style=\"color: #000080;\">posponerse. Ante el mal tiempo<\/strong><span style=\"color: #000080;\"> que se prev\u00e9 las organizadoras han decidido que era mejor suspenderlo. As\u00ed que si el tiempo no lo impide, el mercadillo <\/span><strong style=\"color: #000080;\">se celebrar\u00e1 el pr\u00f3ximo domingo, d\u00eda 10.<\/strong><\/span><\/p>\n<p><span style=\"color: #000080; font-size: medium;\">Por si os lo perdisteis, aqu\u00ed os dejo \u00a0el reportaje que publicamos en SUR.es el viernes por el tercer aniversario de este mercadillo. Para verlo solo ten\u00e9is que <\/span><a style=\"font-size: medium;\" href=\"http:\/\/www.diariosur.es\/20130301\/local\/malaga\/mercadillo-banos-carmen-celebra-201302272146.html\" rel=\"external nofollow\">pinchar en este enlace: <strong>El mercadillo Ba\u00f1os del Carmen cumple tres a\u00f1os<\/strong><\/a><\/p>\n<p>&nbsp;<\/p>\n","protected":false},"excerpt":{"rendered":"<p>La celebraci\u00f3n tendr\u00e1 que esperar. Este domingo, 3 de marzo, como todos los primeros de cada mes, el mercadillo de los Ba\u00f1os del Carmen volv\u00eda a su cita en el paseo mar\u00edtimo de El Palo. Iba a ser una convocatoria muy especial ya que se cumple el tercer aniversario de esta muestra artesanal, pero la [&hellip;]<\/p>\n","protected":false},"author":24,"featured_media":0,"comment_status":"open","ping_status":"closed","sticky":false,"template":"","format":"standard","meta":[],"categories":[4,6],"tags":[448,2181,2243,3756],"_links":{"self":[{"href":"https:\/\/blogs.diariosur.es\/-que-le-compro-\/wp-json\/wp\/v2\/posts\/1745"}],"collection":[{"href":"https:\/\/blogs.diariosur.es\/-que-le-compro-\/wp-json\/wp\/v2\/posts"}],"about":[{"href":"https:\/\/blogs.diariosur.es\/-que-le-compro-\/wp-json\/wp\/v2\/types\/post"}],"author":[{"embeddable":true,"href":"https:\/\/blogs.diariosur.es\/-que-le-compro-\/wp-json\/wp\/v2\/users\/24"}],"replies":[{"embeddable":true,"href":"https:\/\/blogs.diariosur.es\/-que-le-compro-\/wp-json\/wp\/v2\/comments?post=1745"}],"version-history":[{"count":0,"href":"https:\/\/blogs.diariosur.es\/-que-le-compro-\/wp-json\/wp\/v2\/posts\/1745\/revisions"}],"wp:attachment":[{"href":"https:\/\/blogs.diariosur.es\/-que-le-compro-\/wp-json\/wp\/v2\/media?parent=1745"}],"wp:term":[{"taxonomy":"category","embeddable":true,"href":"https:\/\/blogs.diariosur.es\/-que-le-compro-\/wp-json\/wp\/v2\/categories?post=1745"},{"taxonomy":"post_tag","embeddable":true,"href":"https:\/\/blogs.diariosur.es\/-que-le-compro-\/wp-json\/wp\/v2\/tags?post=1745"}],"curies":[{"name":"wp","href":"https:\/\/api.w.org\/{rel}","templated":true}]}}