{"id":1746,"date":"2013-03-04T11:56:44","date_gmt":"2013-03-04T10:56:44","guid":{"rendered":"http:\/\/blogs.diariosur.es\/-que-le-compro-\/?p=1746"},"modified":"2013-03-04T11:56:44","modified_gmt":"2013-03-04T10:56:44","slug":"talleres-de-marzo-en-fabric-punto-de-cruz-ganchillo-y-mas-en-el-centro-de-malaga","status":"publish","type":"post","link":"https:\/\/blogs.diariosur.es\/-que-le-compro-\/2013\/03\/04\/talleres-de-marzo-en-fabric-punto-de-cruz-ganchillo-y-mas-en-el-centro-de-malaga\/","title":{"rendered":"Talleres de marzo en Fabric: punto de cruz, ganchillo, y m\u00e1s en el Centro de M\u00e1laga"},"content":{"rendered":"<p><span style=\"color: #333399;\">Mes nuevo, proyectos nuevos. Las chicas de <strong>F<a href=\"http:\/\/www.tallerfabric.blogspot.com\" rel=\"external nofollow\">abric Taller<\/a><\/strong> ofrecen en marzo un interesante programa de actividades, una vez m\u00e1s. Aqu\u00ed os dejo el listado completo de cursos previstos que seguro os atraer\u00e1n:<\/span><\/p>\n<ul>\n<li><span style=\"color: #333399;\">Viernes 8 y s\u00e1bado 9 de marzo: Taller de creaci\u00f3n de mu\u00f1ecas de trapo Tilda. De 17 a 21 horas el viernesy el s\u00e1bado de 10 a 14.<\/span><\/li>\n<li><span style=\"color: #333399;\">Viernes 15 de marzo: Taller de punto de cruz. De 17 a 20 horas.<\/span><\/li>\n<li><span style=\"color: #333399;\">S\u00e1bado 16 de marzo: Taller de Scrapbooking, de 10 a 14 horas.\u00a0<\/span><\/li>\n<li><span style=\"color: #333399;\">Viernes 22 de marzo: Taller de confecci\u00f3n de faldas de media capa, de 17 a 21 horas.<\/span><\/li>\n<li><span style=\"color: #333399;\">S\u00e1bado 23 de marzo: Taller de ganchillo XL con trapito, de 10 a 14 horas.<\/span><\/li>\n<\/ul>\n<p>&nbsp;<\/p>\n<p><span style=\"color: #333399;\">Para m\u00e1s informaci\u00f3n y precios, pod\u00e9is preguntar v\u00eda correo electr\u00f3nico <a href=\"mailto:fabrictaller@gmail.com\"><span style=\"color: #333399;\">fabrictaller@gmail.com<\/span><\/a> y\/o en el tel\u00e9fono 951 719 810. Fabric Taller est\u00e1 en la calle\u00a0Pardo Baz\u00e1n (primer callej\u00f3n de Oller\u00edas) en pleno Centro de M\u00e1laga.<\/span><\/p>\n<p><script type=\"text\/javascript\">var addthis_config = {\"data_track_clickback\":true,\"data_track_addressbar\":false,\"data_track_textcopy\":false,\"ui_atversion\":\"300\"}; var addthis_product = 'wpp-3.0.2';<\/script><script type=\"text\/javascript\" src=\"\/\/s7.addthis.com\/js\/300\/addthis_widget.js#pubid=ra-50fc27702fb34fca\"><\/script><\/p>\n<div id=\"attachment_1747\" style=\"width: 460px\" class=\"wp-caption aligncenter\"><a href=\"\/-que-le-compro-\/wp-content\/uploads\/sites\/19\/2013\/03\/tildas.jpg\"><img aria-describedby=\"caption-attachment-1747\" loading=\"lazy\" src=\"\/-que-le-compro-\/wp-content\/uploads\/sites\/19\/2013\/03\/tildas.jpg\" alt=\"Mu\u00f1ecas Tilda como estas se aprender\u00e1n a hacer los d\u00edas 8 y 9\" title=\"Mu\u00f1ecas Tilda como estas se aprender\u00e1n a hacer los d\u00edas 8 y 9\" width=\"450\" height=\"255\" class=\"size-full wp-image-1747\" srcset=\"https:\/\/static-blogs.diariosur.es\/wp-content\/uploads\/sites\/19\/2013\/03\/tildas.jpg 450w, https:\/\/static-blogs.diariosur.es\/wp-content\/uploads\/sites\/19\/2013\/03\/tildas-300x170.jpg 300w\" sizes=\"(max-width: 450px) 100vw, 450px\" \/><\/a><p id=\"caption-attachment-1747\" class=\"wp-caption-text\">Mu\u00f1ecas Tilda como estas se aprender\u00e1n a hacer los d\u00edas 8 y 9<\/p><\/div>\n","protected":false},"excerpt":{"rendered":"<p>Mes nuevo, proyectos nuevos. Las chicas de Fabric Taller ofrecen en marzo un interesante programa de actividades, una vez m\u00e1s. Aqu\u00ed os dejo el listado completo de cursos previstos que seguro os atraer\u00e1n: Viernes 8 y s\u00e1bado 9 de marzo: Taller de creaci\u00f3n de mu\u00f1ecas de trapo Tilda. De 17 a 21 horas el viernesy [&hellip;]<\/p>\n","protected":false},"author":24,"featured_media":0,"comment_status":"open","ping_status":"closed","sticky":false,"template":"","format":"standard","meta":[],"categories":[6,7],"tags":[1002,1336,2599,2806,3513,3884],"_links":{"self":[{"href":"https:\/\/blogs.diariosur.es\/-que-le-compro-\/wp-json\/wp\/v2\/posts\/1746"}],"collection":[{"href":"https:\/\/blogs.diariosur.es\/-que-le-compro-\/wp-json\/wp\/v2\/posts"}],"about":[{"href":"https:\/\/blogs.diariosur.es\/-que-le-compro-\/wp-json\/wp\/v2\/types\/post"}],"author":[{"embeddable":true,"href":"https:\/\/blogs.diariosur.es\/-que-le-compro-\/wp-json\/wp\/v2\/users\/24"}],"replies":[{"embeddable":true,"href":"https:\/\/blogs.diariosur.es\/-que-le-compro-\/wp-json\/wp\/v2\/comments?post=1746"}],"version-history":[{"count":0,"href":"https:\/\/blogs.diariosur.es\/-que-le-compro-\/wp-json\/wp\/v2\/posts\/1746\/revisions"}],"wp:attachment":[{"href":"https:\/\/blogs.diariosur.es\/-que-le-compro-\/wp-json\/wp\/v2\/media?parent=1746"}],"wp:term":[{"taxonomy":"category","embeddable":true,"href":"https:\/\/blogs.diariosur.es\/-que-le-compro-\/wp-json\/wp\/v2\/categories?post=1746"},{"taxonomy":"post_tag","embeddable":true,"href":"https:\/\/blogs.diariosur.es\/-que-le-compro-\/wp-json\/wp\/v2\/tags?post=1746"}],"curies":[{"name":"wp","href":"https:\/\/api.w.org\/{rel}","templated":true}]}}