{"id":1749,"date":"2013-03-05T11:20:27","date_gmt":"2013-03-05T10:20:27","guid":{"rendered":"http:\/\/blogs.diariosur.es\/-que-le-compro-\/?p=1749"},"modified":"2013-03-05T11:20:27","modified_gmt":"2013-03-05T10:20:27","slug":"shopping-coffee-malaga-la-canasta-premia-las-compras-en-el-centro","status":"publish","type":"post","link":"https:\/\/blogs.diariosur.es\/-que-le-compro-\/2013\/03\/05\/shopping-coffee-malaga-la-canasta-premia-las-compras-en-el-centro\/","title":{"rendered":"II Shopping &#038; Coffee M\u00e1laga: compra en el Centro y bebe gratis en La Canasta el d\u00eda 9"},"content":{"rendered":"<p><span style=\"color: #333399;\">Tras el \u00e9xito de la <a href=\"https:\/\/blogs.diariosur.es\/-que-le-compro-\/2012\/11\/08\/shopping-coffee-malaga-gratis-en-la-canasta-por-compras-en-el-centro-17-noviembre\/\"><span style=\"color: #333399;\">primera edici\u00f3n<\/span><\/a>, celebrada el pasado mes de noviembre, vuelve a la carga.<strong> La Canasta<\/strong> presenta su segundo <strong>Shopping &#038; Coffee M\u00e1laga<\/strong>, una iniciativa que premia las compras realizadas en el Centro. As\u00ed, la firma ofrecer\u00e1 este <strong>s\u00e1bado, 9 de marzo<\/strong>, un caf\u00e9, infusi\u00f3n, chocolate o refresco a todo aquel que presente un ticket de compras realizadas ese d\u00eda en cualquier establecimiento del Centro Hist\u00f3rico (no valen los resguardos de hosteler\u00eda).<\/span><\/p>\n<p><span style=\"color: #333399;\">Podr\u00e1 disfrutarse de esta promoci\u00f3n, \u00a0d<span style=\"text-decoration: underline;\">e 12 de la ma\u00f1ana a 10 de la noche<\/span> en los locales de La Canasta de plaza de Constituci\u00f3n y Atarazanas. As\u00ed que si este s\u00e1bado est\u00e1is de compras por el Centro, ya sab\u00e9is, pod\u00e9is tener una bebida gratis: \u00bfqui\u00e9n se anima?<\/span><\/p>\n<p><script type=\"text\/javascript\">var addthis_config = {\"data_track_clickback\":true,\"data_track_addressbar\":false,\"data_track_textcopy\":false,\"ui_atversion\":\"300\"}; var addthis_product = 'wpp-3.0.2';<\/script><script type=\"text\/javascript\" src=\"\/\/s7.addthis.com\/js\/300\/addthis_widget.js#pubid=ra-50fc27702fb34fca\"><\/script><\/p>\n<p><a href=\"\/-que-le-compro-\/wp-content\/uploads\/sites\/19\/2013\/03\/shopping-coffee.jpg\"><img loading=\"lazy\" class=\"aligncenter size-full wp-image-1750\" title=\"II Shopping and coffee M\u00e1laga, 9 de marzo 2013\" src=\"\/-que-le-compro-\/wp-content\/uploads\/sites\/19\/2013\/03\/shopping-coffee.jpg\" alt=\"II Shopping and coffee M\u00e1laga, 9 de marzo 2013\" width=\"500\" height=\"706\" srcset=\"https:\/\/static-blogs.diariosur.es\/wp-content\/uploads\/sites\/19\/2013\/03\/shopping-coffee.jpg 500w, https:\/\/static-blogs.diariosur.es\/wp-content\/uploads\/sites\/19\/2013\/03\/shopping-coffee-212x300.jpg 212w\" sizes=\"(max-width: 500px) 100vw, 500px\" \/><\/a><\/p>\n<p>&nbsp;<\/p>\n","protected":false},"excerpt":{"rendered":"<p>Tras el \u00e9xito de la primera edici\u00f3n, celebrada el pasado mes de noviembre, vuelve a la carga. La Canasta presenta su segundo Shopping &#038; Coffee M\u00e1laga, una iniciativa que premia las compras realizadas en el Centro. As\u00ed, la firma ofrecer\u00e1 este s\u00e1bado, 9 de marzo, un caf\u00e9, infusi\u00f3n, chocolate o refresco a todo aquel que [&hellip;]<\/p>\n","protected":false},"author":24,"featured_media":0,"comment_status":"open","ping_status":"closed","sticky":false,"template":"","format":"standard","meta":[],"categories":[7],"tags":[709,831,1853,3367],"_links":{"self":[{"href":"https:\/\/blogs.diariosur.es\/-que-le-compro-\/wp-json\/wp\/v2\/posts\/1749"}],"collection":[{"href":"https:\/\/blogs.diariosur.es\/-que-le-compro-\/wp-json\/wp\/v2\/posts"}],"about":[{"href":"https:\/\/blogs.diariosur.es\/-que-le-compro-\/wp-json\/wp\/v2\/types\/post"}],"author":[{"embeddable":true,"href":"https:\/\/blogs.diariosur.es\/-que-le-compro-\/wp-json\/wp\/v2\/users\/24"}],"replies":[{"embeddable":true,"href":"https:\/\/blogs.diariosur.es\/-que-le-compro-\/wp-json\/wp\/v2\/comments?post=1749"}],"version-history":[{"count":0,"href":"https:\/\/blogs.diariosur.es\/-que-le-compro-\/wp-json\/wp\/v2\/posts\/1749\/revisions"}],"wp:attachment":[{"href":"https:\/\/blogs.diariosur.es\/-que-le-compro-\/wp-json\/wp\/v2\/media?parent=1749"}],"wp:term":[{"taxonomy":"category","embeddable":true,"href":"https:\/\/blogs.diariosur.es\/-que-le-compro-\/wp-json\/wp\/v2\/categories?post=1749"},{"taxonomy":"post_tag","embeddable":true,"href":"https:\/\/blogs.diariosur.es\/-que-le-compro-\/wp-json\/wp\/v2\/tags?post=1749"}],"curies":[{"name":"wp","href":"https:\/\/api.w.org\/{rel}","templated":true}]}}