{"id":1752,"date":"2013-03-06T12:42:47","date_gmt":"2013-03-06T11:42:47","guid":{"rendered":"http:\/\/blogs.diariosur.es\/-que-le-compro-\/?p=1752"},"modified":"2013-03-06T12:42:47","modified_gmt":"2013-03-06T11:42:47","slug":"final-de-las-rebajas-de-invierno-7-de-marzo-ultimos-chollos","status":"publish","type":"post","link":"https:\/\/blogs.diariosur.es\/-que-le-compro-\/2013\/03\/06\/final-de-las-rebajas-de-invierno-7-de-marzo-ultimos-chollos\/","title":{"rendered":"Las rebajas de invierno llegan a su fin: \u00a1\u00faltimos chollos!"},"content":{"rendered":"<p><a href=\"\/-que-le-compro-\/wp-content\/uploads\/sites\/19\/2013\/03\/rebajas-fin.jpg\"><img loading=\"lazy\" class=\"aligncenter size-full wp-image-1753\" title=\"Final de las rebajas de invierno\" src=\"\/-que-le-compro-\/wp-content\/uploads\/sites\/19\/2013\/03\/rebajas-fin.jpg\" alt=\"Final de las rebajas de invierno 2012-2013\" width=\"500\" height=\"352\" srcset=\"https:\/\/static-blogs.diariosur.es\/wp-content\/uploads\/sites\/19\/2013\/03\/rebajas-fin.jpg 500w, https:\/\/static-blogs.diariosur.es\/wp-content\/uploads\/sites\/19\/2013\/03\/rebajas-fin-300x211.jpg 300w\" sizes=\"(max-width: 500px) 100vw, 500px\" \/><\/a><\/p>\n<p><span style=\"color: #333399;\">Queda muuuy poco, pero algo hay. Ahora m\u00e1s que nunca hay que saber buscar, bucear en los percheros y mirar bien hasta el \u00faltimo rinc\u00f3n, porque el esfuerzo merecer\u00e1 la pena. Este jueves, 7 de marzo, concluyen oficialmente las rebajas de invierno 2o12-13 y en este sprint final cuando pueden encontrarse los aut\u00e9nticos chollos.<\/span><\/p>\n<p><span style=\"color: #333399;\">Es cierto que ya desde hace d\u00edas en la mayor\u00eda de las tiendas apenas quedan art\u00edculos, pero los poquitos que resisten est\u00e1n a unos precios con descuentos en torno al 70% o m\u00e1s, lo digo por experiencia. As\u00ed que ya sab\u00e9is, aunque una gran mayor\u00eda de tienda dieron por finalizadas el pasado 28 de febrero, son bastantes las que siguen de liquidaci\u00f3n hasta el d\u00eda 7. <\/span><\/p>\n<p><span style=\"color: #333399;\">Basta con darse una vuelta por ejemplo por Misako, Blanco, Zara (secci\u00f3n ni\u00f1os), Pimkie, Zippy, Jack Jones, la zapater\u00eda Cach\u00e9 o Benetton, que adem\u00e1s prolonga las rebajas hasta el d\u00eda 10. Y ya sab\u00e9is ya ha comenzado la Semana Fant\u00e1stica de \u00a0El Corte Ingl\u00e9s, que aunque arranc\u00f3 el pasado d\u00eda 1 se prolongar\u00e1 hasta el 24.<\/span><\/p>\n<p><span style=\"color: #333399;\">\u00bfC\u00f3mo os han ido estas rebajas?\u00a0<\/span><\/p>\n<p><script type=\"text\/javascript\">var addthis_config = {\"data_track_clickback\":true,\"data_track_addressbar\":false,\"data_track_textcopy\":false,\"ui_atversion\":\"300\"}; var addthis_product = 'wpp-3.0.2';<\/script><script type=\"text\/javascript\" src=\"\/\/s7.addthis.com\/js\/300\/addthis_widget.js#pubid=ra-50fc27702fb34fca\"><\/script><\/p>\n","protected":false},"excerpt":{"rendered":"<p>Queda muuuy poco, pero algo hay. Ahora m\u00e1s que nunca hay que saber buscar, bucear en los percheros y mirar bien hasta el \u00faltimo rinc\u00f3n, porque el esfuerzo merecer\u00e1 la pena. Este jueves, 7 de marzo, concluyen oficialmente las rebajas de invierno 2o12-13 y en este sprint final cuando pueden encontrarse los aut\u00e9nticos chollos. Es [&hellip;]<\/p>\n","protected":false},"author":24,"featured_media":0,"comment_status":"open","ping_status":"closed","sticky":false,"template":"","format":"standard","meta":[],"categories":[7],"tags":[1432,3136,3700,3702],"_links":{"self":[{"href":"https:\/\/blogs.diariosur.es\/-que-le-compro-\/wp-json\/wp\/v2\/posts\/1752"}],"collection":[{"href":"https:\/\/blogs.diariosur.es\/-que-le-compro-\/wp-json\/wp\/v2\/posts"}],"about":[{"href":"https:\/\/blogs.diariosur.es\/-que-le-compro-\/wp-json\/wp\/v2\/types\/post"}],"author":[{"embeddable":true,"href":"https:\/\/blogs.diariosur.es\/-que-le-compro-\/wp-json\/wp\/v2\/users\/24"}],"replies":[{"embeddable":true,"href":"https:\/\/blogs.diariosur.es\/-que-le-compro-\/wp-json\/wp\/v2\/comments?post=1752"}],"version-history":[{"count":0,"href":"https:\/\/blogs.diariosur.es\/-que-le-compro-\/wp-json\/wp\/v2\/posts\/1752\/revisions"}],"wp:attachment":[{"href":"https:\/\/blogs.diariosur.es\/-que-le-compro-\/wp-json\/wp\/v2\/media?parent=1752"}],"wp:term":[{"taxonomy":"category","embeddable":true,"href":"https:\/\/blogs.diariosur.es\/-que-le-compro-\/wp-json\/wp\/v2\/categories?post=1752"},{"taxonomy":"post_tag","embeddable":true,"href":"https:\/\/blogs.diariosur.es\/-que-le-compro-\/wp-json\/wp\/v2\/tags?post=1752"}],"curies":[{"name":"wp","href":"https:\/\/api.w.org\/{rel}","templated":true}]}}