{"id":1756,"date":"2013-03-08T18:04:50","date_gmt":"2013-03-08T17:04:50","guid":{"rendered":"http:\/\/blogs.diariosur.es\/-que-le-compro-\/?p=1756"},"modified":"2013-03-08T18:04:50","modified_gmt":"2013-03-08T17:04:50","slug":"muestra-mujeres-artesanas-rincon-de-la-victoria","status":"publish","type":"post","link":"https:\/\/blogs.diariosur.es\/-que-le-compro-\/2013\/03\/08\/muestra-mujeres-artesanas-rincon-de-la-victoria\/","title":{"rendered":"I Muestra de mujeres artesanas en el Rinc\u00f3n de la Victoria"},"content":{"rendered":"<div class=\"addthis_toolbox addthis_default_style \"><\/div>\n<p><span style=\"color: #333399; font-size: medium;\">Si quer\u00e9is ver piezas artesanales de verdad, ten\u00e9is que ir este fin de semana al <strong>Ayuntamiento de Rinc\u00f3n de la Victoria<\/strong>. Porque con motivo del D\u00eda Internacional de la Mujer Trabajadora, \u00a0acoge la <strong>I Muestra de Mujeres Artesanas<\/strong> de esa localidad, as\u00ed que la iniciativa promete.<\/span><\/p>\n<p><span style=\"color: #333399; font-size: medium;\">El <strong>horario<\/strong> para poder ver las creaciones de estas dise\u00f1adoras es el <span style=\"text-decoration: underline;\">viernes 8<\/span> de\u00a012 a 20 horas y el <span style=\"text-decoration: underline;\">s\u00e1bado 9 y el domingo 10<\/span> de 11 a 14:30 y de 17 a 20 horas. \u00a1Qued\u00e1is avisados!<\/span><\/p>\n<p><script type=\"text\/javascript\">var addthis_config = {\"data_track_clickback\":true,\"data_track_addressbar\":false,\"data_track_textcopy\":false,\"ui_atversion\":\"300\"}; var addthis_product = 'wpp-3.0.2';<\/script><script type=\"text\/javascript\" src=\"\/\/s7.addthis.com\/js\/300\/addthis_widget.js#pubid=ra-50fc27702fb34fca\"><\/script><\/p>\n<div id=\"attachment_1758\" style=\"width: 410px\" class=\"wp-caption aligncenter\"><a href=\"\/-que-le-compro-\/wp-content\/uploads\/sites\/19\/2013\/03\/cartel-rincon.jpg\"><img aria-describedby=\"caption-attachment-1758\" loading=\"lazy\" class=\"size-full wp-image-1758\" title=\"Cartel de la muestra de artesanas en Rinc\u00f3n de la Victoria\" src=\"\/-que-le-compro-\/wp-content\/uploads\/sites\/19\/2013\/03\/cartel-rincon.jpg\" alt=\"Cartel de la muestra de artesanas en Rinc\u00f3n de la Victoria\" width=\"400\" height=\"566\" srcset=\"https:\/\/static-blogs.diariosur.es\/wp-content\/uploads\/sites\/19\/2013\/03\/cartel-rincon.jpg 400w, https:\/\/static-blogs.diariosur.es\/wp-content\/uploads\/sites\/19\/2013\/03\/cartel-rincon-212x300.jpg 212w\" sizes=\"(max-width: 400px) 100vw, 400px\" \/><\/a><p id=\"caption-attachment-1758\" class=\"wp-caption-text\">Cartel de la muestra de artesanas en Rinc\u00f3n de la Victoria<\/p><\/div>\n<p>&nbsp;<\/p>\n<div id=\"attachment_1759\" style=\"width: 401px\" class=\"wp-caption aligncenter\"><a href=\"\/-que-le-compro-\/wp-content\/uploads\/sites\/19\/2013\/03\/muestra-rincon1.jpg\"><img aria-describedby=\"caption-attachment-1759\" loading=\"lazy\" class=\"size-full wp-image-1759\" title=\"La muestra se encuentra en el interior del Ayuntamiento\" src=\"\/-que-le-compro-\/wp-content\/uploads\/sites\/19\/2013\/03\/muestra-rincon1.jpg\" alt=\"La muestra se encuentra en el interior del Ayuntamiento\" width=\"391\" height=\"297\" srcset=\"https:\/\/static-blogs.diariosur.es\/wp-content\/uploads\/sites\/19\/2013\/03\/muestra-rincon1.jpg 391w, https:\/\/static-blogs.diariosur.es\/wp-content\/uploads\/sites\/19\/2013\/03\/muestra-rincon1-300x228.jpg 300w\" sizes=\"(max-width: 391px) 100vw, 391px\" \/><\/a><p id=\"caption-attachment-1759\" class=\"wp-caption-text\">La muestra se encuentra en el interior del Ayuntamiento<\/p><\/div>\n","protected":false},"excerpt":{"rendered":"<p>Si quer\u00e9is ver piezas artesanales de verdad, ten\u00e9is que ir este fin de semana al Ayuntamiento de Rinc\u00f3n de la Victoria. Porque con motivo del D\u00eda Internacional de la Mujer Trabajadora, \u00a0acoge la I Muestra de Mujeres Artesanas de esa localidad, as\u00ed que la iniciativa promete. El horario para poder ver las creaciones de estas [&hellip;]<\/p>\n","protected":false},"author":24,"featured_media":0,"comment_status":"open","ping_status":"closed","sticky":false,"template":"","format":"standard","meta":[],"categories":[4,6],"tags":[67,250,348,1095,2566,2581,2897],"_links":{"self":[{"href":"https:\/\/blogs.diariosur.es\/-que-le-compro-\/wp-json\/wp\/v2\/posts\/1756"}],"collection":[{"href":"https:\/\/blogs.diariosur.es\/-que-le-compro-\/wp-json\/wp\/v2\/posts"}],"about":[{"href":"https:\/\/blogs.diariosur.es\/-que-le-compro-\/wp-json\/wp\/v2\/types\/post"}],"author":[{"embeddable":true,"href":"https:\/\/blogs.diariosur.es\/-que-le-compro-\/wp-json\/wp\/v2\/users\/24"}],"replies":[{"embeddable":true,"href":"https:\/\/blogs.diariosur.es\/-que-le-compro-\/wp-json\/wp\/v2\/comments?post=1756"}],"version-history":[{"count":0,"href":"https:\/\/blogs.diariosur.es\/-que-le-compro-\/wp-json\/wp\/v2\/posts\/1756\/revisions"}],"wp:attachment":[{"href":"https:\/\/blogs.diariosur.es\/-que-le-compro-\/wp-json\/wp\/v2\/media?parent=1756"}],"wp:term":[{"taxonomy":"category","embeddable":true,"href":"https:\/\/blogs.diariosur.es\/-que-le-compro-\/wp-json\/wp\/v2\/categories?post=1756"},{"taxonomy":"post_tag","embeddable":true,"href":"https:\/\/blogs.diariosur.es\/-que-le-compro-\/wp-json\/wp\/v2\/tags?post=1756"}],"curies":[{"name":"wp","href":"https:\/\/api.w.org\/{rel}","templated":true}]}}