{"id":1761,"date":"2013-03-09T09:56:37","date_gmt":"2013-03-09T08:56:37","guid":{"rendered":"http:\/\/blogs.diariosur.es\/-que-le-compro-\/?p=1761"},"modified":"2013-03-09T09:56:37","modified_gmt":"2013-03-09T08:56:37","slug":"nuevo-mercado-ecologico-en-la-malagueta-segundo-sabado-del-mes","status":"publish","type":"post","link":"https:\/\/blogs.diariosur.es\/-que-le-compro-\/2013\/03\/09\/nuevo-mercado-ecologico-en-la-malagueta-segundo-sabado-del-mes\/","title":{"rendered":"Nuevo mercado ecol\u00f3gico en La Malagueta, el segundo s\u00e1bado del mes"},"content":{"rendered":"<p><span style=\"color: #333399;\">La Malagueta est\u00e1 de estreno. A partir de hoy, el segundo s\u00e1bado de cada mes la protagonista en los aleda\u00f1os de la plaza de toros ser\u00e1 la huerta y sus productos, ya que el barrio inaugura mercadillo ecol\u00f3gico en la<strong> calle Cervantes<\/strong> (esquina Paseo Reding). Organizado por la asociaci\u00f3n <strong>Guadalhorce Ecol\u00f3gico<\/strong>, se celebrar\u00e1 <span style=\"text-decoration: underline; font-size: medium;\">de 10 de la ma\u00f1ana a dos de la tarde<\/span>.<\/span><\/p>\n<p><span style=\"color: #333399;\">All\u00ed pueden encontrarse y adquirirse alimentos ecol\u00f3gicos frescos y saludables del Valle del Guadalhorce y su entorno como por ejemplo frutas y hortalizas de temporada, aceitunas, aceites, quesos, panes o mermeladas certificadas; todo ello a precios asequibles y vendidos en la gran mayor\u00eda de casos por los propios productores, sin intermediarios, como en los otros mercadillos organizados por esta asociaci\u00f3n. \u00a1Apunt\u00e1oslo en la agenda!<\/span><\/p>\n<p><span style=\"color: #333399;\">Aqu\u00ed ten\u00e9is algunas fotos de esta primera edici\u00f3n: <strong><a href=\"http:\/\/www.diariosur.es\/multimedia\/fotos\/ultimos\/116472-malagueta-estrena-mercado-ecologico-0.html\" rel=\"external nofollow\">Fotos del primer mercadillo en La Malagueta<\/a><\/strong><\/span><\/p>\n<p><script type=\"text\/javascript\">var addthis_config = {\"data_track_clickback\":true,\"data_track_addressbar\":false,\"data_track_textcopy\":false,\"ui_atversion\":\"300\"}; var addthis_product = 'wpp-3.0.2';<\/script><script type=\"text\/javascript\" src=\"\/\/s7.addthis.com\/js\/300\/addthis_widget.js#pubid=ra-50fc27702fb34fca\"><\/script><\/p>\n<div id=\"attachment_1768\" style=\"width: 510px\" class=\"wp-caption aligncenter\"><a href=\"\/-que-le-compro-\/wp-content\/uploads\/sites\/19\/2013\/03\/malagueta1.jpg\"><img aria-describedby=\"caption-attachment-1768\" loading=\"lazy\" class=\"size-full wp-image-1768\" title=\"Stands del mercadillo en La Malagueta\" src=\"\/-que-le-compro-\/wp-content\/uploads\/sites\/19\/2013\/03\/malagueta1.jpg\" alt=\"Stands del mercadillo en La Malagueta\" width=\"500\" height=\"375\" srcset=\"https:\/\/static-blogs.diariosur.es\/wp-content\/uploads\/sites\/19\/2013\/03\/malagueta1.jpg 500w, https:\/\/static-blogs.diariosur.es\/wp-content\/uploads\/sites\/19\/2013\/03\/malagueta1-300x225.jpg 300w\" sizes=\"(max-width: 500px) 100vw, 500px\" \/><\/a><p id=\"caption-attachment-1768\" class=\"wp-caption-text\">Stands y p\u00fablico del mercadillo en La Malagueta<\/p><\/div>\n<p><a href=\"\/-que-le-compro-\/wp-content\/uploads\/sites\/19\/2013\/03\/foto1.jpg\"><br \/>\n<\/a><\/p>\n<div id=\"attachment_1769\" style=\"width: 511px\" class=\"wp-caption aligncenter\"><a href=\"\/-que-le-compro-\/wp-content\/uploads\/sites\/19\/2013\/03\/malagueta2.jpg\"><img aria-describedby=\"caption-attachment-1769\" loading=\"lazy\" class=\"size-full wp-image-1769\" title=\"Stands del mercadillo en La Malagueta\" src=\"\/-que-le-compro-\/wp-content\/uploads\/sites\/19\/2013\/03\/malagueta2.jpg\" alt=\"Stands del mercadillo en La Malagueta\" width=\"501\" height=\"376\" srcset=\"https:\/\/static-blogs.diariosur.es\/wp-content\/uploads\/sites\/19\/2013\/03\/malagueta2.jpg 501w, https:\/\/static-blogs.diariosur.es\/wp-content\/uploads\/sites\/19\/2013\/03\/malagueta2-300x225.jpg 300w\" sizes=\"(max-width: 501px) 100vw, 501px\" \/><\/a><p id=\"caption-attachment-1769\" class=\"wp-caption-text\">Stands y p\u00fablico del mercadillo en La Malagueta<\/p><\/div>\n<div id=\"attachment_1770\" style=\"width: 510px\" class=\"wp-caption aligncenter\"><a href=\"\/-que-le-compro-\/wp-content\/uploads\/sites\/19\/2013\/03\/malagueta11.jpg\"><img aria-describedby=\"caption-attachment-1770\" loading=\"lazy\" class=\"size-full wp-image-1770\" title=\"Stands del mercadillo en La Malagueta\" src=\"\/-que-le-compro-\/wp-content\/uploads\/sites\/19\/2013\/03\/malagueta11.jpg\" alt=\"Stands del mercadillo en La Malagueta\" width=\"500\" height=\"375\" srcset=\"https:\/\/static-blogs.diariosur.es\/wp-content\/uploads\/sites\/19\/2013\/03\/malagueta11.jpg 500w, https:\/\/static-blogs.diariosur.es\/wp-content\/uploads\/sites\/19\/2013\/03\/malagueta11-300x225.jpg 300w\" sizes=\"(max-width: 500px) 100vw, 500px\" \/><\/a><p id=\"caption-attachment-1770\" class=\"wp-caption-text\">Stands y p\u00fablico del mercadillo en La Malagueta<\/p><\/div>\n<p><script type=\"text\/javascript\">\/\/ <![CDATA[\n   var addthis_config = {\"data_track_clickback\":true,\"data_track_addressbar\":false,\"data_track_textcopy\":false,\"ui_atversion\":\"300\"}; var addthis_product = 'wpp-3.0.2';\n\/\/ ]]><\/script><script type=\"text\/javascript\" src=\"\/\/s7.addthis.com\/js\/300\/addthis_widget.js#pubid=ra-50fc27702fb34fca\"><\/script><\/p>\n<div id=\"attachment_1762\" style=\"width: 460px\" class=\"wp-caption aligncenter\"><a href=\"\/-que-le-compro-\/wp-content\/uploads\/sites\/19\/2013\/03\/foto2.jpg\"><br \/>\n<\/a><a href=\"\/-que-le-compro-\/wp-content\/uploads\/sites\/19\/2013\/03\/malagueta.jpg\"><img aria-describedby=\"caption-attachment-1762\" loading=\"lazy\" class=\"size-full wp-image-1762\" title=\"Cartel del I mercadillo ecol\u00f3gico en La Malagueta, 9 de marzo\" src=\"\/-que-le-compro-\/wp-content\/uploads\/sites\/19\/2013\/03\/malagueta.jpg\" alt=\"Cartel del I mercadillo ecol\u00f3gico en La Malagueta, 9 de marzo\" width=\"450\" height=\"600\" srcset=\"https:\/\/static-blogs.diariosur.es\/wp-content\/uploads\/sites\/19\/2013\/03\/malagueta.jpg 450w, https:\/\/static-blogs.diariosur.es\/wp-content\/uploads\/sites\/19\/2013\/03\/malagueta-225x300.jpg 225w\" sizes=\"(max-width: 450px) 100vw, 450px\" \/><\/a><p id=\"caption-attachment-1762\" class=\"wp-caption-text\">Cartel del I mercadillo ecol\u00f3gico en La Malagueta, 9 de marzo<\/p><\/div>\n<p>&nbsp;<\/p>\n<p>&nbsp;<\/p>\n","protected":false},"excerpt":{"rendered":"<p>La Malagueta est\u00e1 de estreno. A partir de hoy, el segundo s\u00e1bado de cada mes la protagonista en los aleda\u00f1os de la plaza de toros ser\u00e1 la huerta y sus productos, ya que el barrio inaugura mercadillo ecol\u00f3gico en la calle Cervantes (esquina Paseo Reding). Organizado por la asociaci\u00f3n Guadalhorce Ecol\u00f3gico, se celebrar\u00e1 de 10 [&hellip;]<\/p>\n","protected":false},"author":24,"featured_media":0,"comment_status":"open","ping_status":"closed","sticky":false,"template":"","format":"standard","meta":[],"categories":[4],"tags":[1584,2257,2351,3031],"_links":{"self":[{"href":"https:\/\/blogs.diariosur.es\/-que-le-compro-\/wp-json\/wp\/v2\/posts\/1761"}],"collection":[{"href":"https:\/\/blogs.diariosur.es\/-que-le-compro-\/wp-json\/wp\/v2\/posts"}],"about":[{"href":"https:\/\/blogs.diariosur.es\/-que-le-compro-\/wp-json\/wp\/v2\/types\/post"}],"author":[{"embeddable":true,"href":"https:\/\/blogs.diariosur.es\/-que-le-compro-\/wp-json\/wp\/v2\/users\/24"}],"replies":[{"embeddable":true,"href":"https:\/\/blogs.diariosur.es\/-que-le-compro-\/wp-json\/wp\/v2\/comments?post=1761"}],"version-history":[{"count":0,"href":"https:\/\/blogs.diariosur.es\/-que-le-compro-\/wp-json\/wp\/v2\/posts\/1761\/revisions"}],"wp:attachment":[{"href":"https:\/\/blogs.diariosur.es\/-que-le-compro-\/wp-json\/wp\/v2\/media?parent=1761"}],"wp:term":[{"taxonomy":"category","embeddable":true,"href":"https:\/\/blogs.diariosur.es\/-que-le-compro-\/wp-json\/wp\/v2\/categories?post=1761"},{"taxonomy":"post_tag","embeddable":true,"href":"https:\/\/blogs.diariosur.es\/-que-le-compro-\/wp-json\/wp\/v2\/tags?post=1761"}],"curies":[{"name":"wp","href":"https:\/\/api.w.org\/{rel}","templated":true}]}}