{"id":1765,"date":"2013-03-09T18:58:37","date_gmt":"2013-03-09T17:58:37","guid":{"rendered":"http:\/\/blogs.diariosur.es\/-que-le-compro-\/?p=1765"},"modified":"2013-03-09T18:58:37","modified_gmt":"2013-03-09T17:58:37","slug":"el-mercadillo-banos-del-carmen-de-manana-aplazado-al-domingo-17","status":"publish","type":"post","link":"https:\/\/blogs.diariosur.es\/-que-le-compro-\/2013\/03\/09\/el-mercadillo-banos-del-carmen-de-manana-aplazado-al-domingo-17\/","title":{"rendered":"El mercadillo Ba\u00f1os del Carmen, aplazado al domingo 17"},"content":{"rendered":"<p>La celebraci\u00f3n tendr\u00e1 que volver a esperar. Por segunda semana consecutiva, de nuevo la lluvia obliga variar los planes. As\u00ed que el tercer aniversario del mercadillo Ba\u00f1os del Carmen no se desarrollar\u00e1 este domingo, 10 de marzo, como estaba previsto, sino que se pasa al pr\u00f3ximo, d\u00eda 17, ante la previsi\u00f3n de lluvia.<\/p>\n<p>Esperemos que a la tercera vaya la vencida y que la pr\u00f3xima semana s\u00ed se pueda celebrar por fin los tres a\u00f1os de vida de este mercadillo.<\/p>\n<p>Y por el mismo motivo, la meteorolog\u00eda, tambi\u00e9n se ha suspendido el <strong>Zoco de Muelle Uno<\/strong> y la convocatoria de la <strong>asociaci\u00f3n {re} Uni\u00f3n de Creadores<\/strong> que iban a tener lugar igualmente este domingo por la ma\u00f1ana.<\/p>\n<p><script type=\"text\/javascript\">var addthis_config = {\"data_track_clickback\":true,\"data_track_addressbar\":false,\"data_track_textcopy\":false,\"ui_atversion\":\"300\"}; var addthis_product = 'wpp-3.0.2';<\/script><script type=\"text\/javascript\" src=\"\/\/s7.addthis.com\/js\/300\/addthis_widget.js#pubid=ra-50fc27702fb34fca\"><\/script><\/p>\n","protected":false},"excerpt":{"rendered":"<p>La celebraci\u00f3n tendr\u00e1 que volver a esperar. Por segunda semana consecutiva, de nuevo la lluvia obliga variar los planes. As\u00ed que el tercer aniversario del mercadillo Ba\u00f1os del Carmen no se desarrollar\u00e1 este domingo, 10 de marzo, como estaba previsto, sino que se pasa al pr\u00f3ximo, d\u00eda 17, ante la previsi\u00f3n de lluvia. Esperemos que [&hellip;]<\/p>\n","protected":false},"author":24,"featured_media":0,"comment_status":"open","ping_status":"closed","sticky":false,"template":"","format":"standard","meta":[],"categories":[4],"tags":[],"_links":{"self":[{"href":"https:\/\/blogs.diariosur.es\/-que-le-compro-\/wp-json\/wp\/v2\/posts\/1765"}],"collection":[{"href":"https:\/\/blogs.diariosur.es\/-que-le-compro-\/wp-json\/wp\/v2\/posts"}],"about":[{"href":"https:\/\/blogs.diariosur.es\/-que-le-compro-\/wp-json\/wp\/v2\/types\/post"}],"author":[{"embeddable":true,"href":"https:\/\/blogs.diariosur.es\/-que-le-compro-\/wp-json\/wp\/v2\/users\/24"}],"replies":[{"embeddable":true,"href":"https:\/\/blogs.diariosur.es\/-que-le-compro-\/wp-json\/wp\/v2\/comments?post=1765"}],"version-history":[{"count":0,"href":"https:\/\/blogs.diariosur.es\/-que-le-compro-\/wp-json\/wp\/v2\/posts\/1765\/revisions"}],"wp:attachment":[{"href":"https:\/\/blogs.diariosur.es\/-que-le-compro-\/wp-json\/wp\/v2\/media?parent=1765"}],"wp:term":[{"taxonomy":"category","embeddable":true,"href":"https:\/\/blogs.diariosur.es\/-que-le-compro-\/wp-json\/wp\/v2\/categories?post=1765"},{"taxonomy":"post_tag","embeddable":true,"href":"https:\/\/blogs.diariosur.es\/-que-le-compro-\/wp-json\/wp\/v2\/tags?post=1765"}],"curies":[{"name":"wp","href":"https:\/\/api.w.org\/{rel}","templated":true}]}}