{"id":1771,"date":"2013-03-10T17:24:17","date_gmt":"2013-03-10T16:24:17","guid":{"rendered":"http:\/\/blogs.diariosur.es\/-que-le-compro-\/?p=1771"},"modified":"2013-03-10T17:24:17","modified_gmt":"2013-03-10T16:24:17","slug":"compra-o-cambia-tu-material-deportivo-a-buen-precio-en-trocathlon","status":"publish","type":"post","link":"https:\/\/blogs.diariosur.es\/-que-le-compro-\/2013\/03\/10\/compra-o-cambia-tu-material-deportivo-a-buen-precio-en-trocathlon\/","title":{"rendered":"Compra o cambia tu material deportivo a buen precio en Trocathlon"},"content":{"rendered":"<p><span style=\"color: #333399;\">\u00bfQuieres renovar tu equipamiento deportivo sin arruinarte? Parece dif\u00edcil, pero es posible. Una vez m\u00e1s, Decathlon pone en marcha su feria de intercambio de material Trocathlon, a trav\u00e9s de la que puedes comprar y vender accesorios, ropa, complementos&#8230; A partir de este lunes ya puedes ver lo que los interesados han depositado en las tiendas una vez que el plazo disponible para ello se cerr\u00f3 el viernes. Y para que no haya suspicacias, son los propietarios de las piezas los que, al dejarlas, fijan el precio que consideran adecuado a sus art\u00edculos. As\u00ed, una vez que el objeto se haya vendido, recibir\u00e1 un vale de compra con el importe obtenido.\u00a0<\/span><\/p>\n<p><span style=\"color: #333399;\">En M\u00e1laga, la iniciativa durar\u00e1 hasta el pr\u00f3ximo d\u00eda 16 as\u00ed que si te hace falta ampliar tus accesorios deportivos o est\u00e1n obsoletos, esta semana ya sabes d\u00f3nde puedes ir.<\/span><\/p>\n<p><script type=\"text\/javascript\">var addthis_config = {\"data_track_clickback\":true,\"data_track_addressbar\":false,\"data_track_textcopy\":false,\"ui_atversion\":\"300\"}; var addthis_product = 'wpp-3.0.2';<\/script><script type=\"text\/javascript\" src=\"\/\/s7.addthis.com\/js\/300\/addthis_widget.js#pubid=ra-50fc27702fb34fca\"><\/script><\/p>\n<p><a href=\"\/-que-le-compro-\/wp-content\/uploads\/sites\/19\/2013\/03\/trocathlon.jpg\"><img loading=\"lazy\" class=\"aligncenter size-full wp-image-1772\" title=\"trocathlon\" src=\"\/-que-le-compro-\/wp-content\/uploads\/sites\/19\/2013\/03\/trocathlon.jpg\" alt=\"\" width=\"450\" height=\"322\" srcset=\"https:\/\/static-blogs.diariosur.es\/wp-content\/uploads\/sites\/19\/2013\/03\/trocathlon.jpg 450w, https:\/\/static-blogs.diariosur.es\/wp-content\/uploads\/sites\/19\/2013\/03\/trocathlon-300x215.jpg 300w\" sizes=\"(max-width: 450px) 100vw, 450px\" \/><\/a><\/p>\n","protected":false},"excerpt":{"rendered":"<p>\u00bfQuieres renovar tu equipamiento deportivo sin arruinarte? Parece dif\u00edcil, pero es posible. Una vez m\u00e1s, Decathlon pone en marcha su feria de intercambio de material Trocathlon, a trav\u00e9s de la que puedes comprar y vender accesorios, ropa, complementos&#8230; A partir de este lunes ya puedes ver lo que los interesados han depositado en las tiendas [&hellip;]<\/p>\n","protected":false},"author":24,"featured_media":0,"comment_status":"open","ping_status":"closed","sticky":false,"template":"","format":"standard","meta":[],"categories":[7],"tags":[1023,2142,3679,3797],"_links":{"self":[{"href":"https:\/\/blogs.diariosur.es\/-que-le-compro-\/wp-json\/wp\/v2\/posts\/1771"}],"collection":[{"href":"https:\/\/blogs.diariosur.es\/-que-le-compro-\/wp-json\/wp\/v2\/posts"}],"about":[{"href":"https:\/\/blogs.diariosur.es\/-que-le-compro-\/wp-json\/wp\/v2\/types\/post"}],"author":[{"embeddable":true,"href":"https:\/\/blogs.diariosur.es\/-que-le-compro-\/wp-json\/wp\/v2\/users\/24"}],"replies":[{"embeddable":true,"href":"https:\/\/blogs.diariosur.es\/-que-le-compro-\/wp-json\/wp\/v2\/comments?post=1771"}],"version-history":[{"count":0,"href":"https:\/\/blogs.diariosur.es\/-que-le-compro-\/wp-json\/wp\/v2\/posts\/1771\/revisions"}],"wp:attachment":[{"href":"https:\/\/blogs.diariosur.es\/-que-le-compro-\/wp-json\/wp\/v2\/media?parent=1771"}],"wp:term":[{"taxonomy":"category","embeddable":true,"href":"https:\/\/blogs.diariosur.es\/-que-le-compro-\/wp-json\/wp\/v2\/categories?post=1771"},{"taxonomy":"post_tag","embeddable":true,"href":"https:\/\/blogs.diariosur.es\/-que-le-compro-\/wp-json\/wp\/v2\/tags?post=1771"}],"curies":[{"name":"wp","href":"https:\/\/api.w.org\/{rel}","templated":true}]}}