{"id":1773,"date":"2013-03-11T18:10:02","date_gmt":"2013-03-11T17:10:02","guid":{"rendered":"http:\/\/blogs.diariosur.es\/-que-le-compro-\/?p=1773"},"modified":"2013-03-11T18:10:02","modified_gmt":"2013-03-11T17:10:02","slug":"descuentos-para-desempleados-en-tiendas-ca-y-en-internet-para-todos","status":"publish","type":"post","link":"https:\/\/blogs.diariosur.es\/-que-le-compro-\/2013\/03\/11\/descuentos-para-desempleados-en-tiendas-ca-y-en-internet-para-todos\/","title":{"rendered":"Descuentos para desempleados en tiendas C&#038;A y en Internet para todos"},"content":{"rendered":"<p><span style=\"color: #333399;\">Si os interesa daos prisa, porque la promoci\u00f3n se acaba. Si est\u00e1s sin trabajo, en las tiendas C&#038;A un mes m\u00e1s ofrecen un 20% de descuento en compras. Para disfrutar de esta rebaja, solo hay que presentar la cartilla de desempleo en caja, en el momento de pagar. R\u00e1pido porque la iniciativa tiene fecha de caducidad: este martes, 12 de marzo.<\/span><\/p>\n<p><span style=\"color: #333399;\">Y adem\u00e1s, ya para todos, la<a href=\"http:\/\/www.c-and-a.com\/es\/es\/shop\/start.html\" rel=\"external nofollow\"><span style=\"color: #333399;\"> tienda online <\/span><\/a>de esta firma cumple un a\u00f1o, y lo celebra ofreciendo tambi\u00e9n un 20% de rebaja en sus art\u00edculos, hasta el pr\u00f3ximo domingo, d\u00eda 17.\u00a0<\/span><\/p>\n<div id=\"attachment_1774\" style=\"width: 460px\" class=\"wp-caption aligncenter\"><a href=\"\/-que-le-compro-\/wp-content\/uploads\/sites\/19\/2013\/03\/aniversario.jpg\"><img aria-describedby=\"caption-attachment-1774\" loading=\"lazy\" src=\"\/-que-le-compro-\/wp-content\/uploads\/sites\/19\/2013\/03\/aniversario.jpg\" alt=\"La tienda online de C&#038;A cumple un a\u00f1o \" title=\"La tienda online de C&#038;A cumple un a\u00f1o \" width=\"450\" height=\"200\" class=\"size-full wp-image-1774\" srcset=\"https:\/\/static-blogs.diariosur.es\/wp-content\/uploads\/sites\/19\/2013\/03\/aniversario.jpg 450w, https:\/\/static-blogs.diariosur.es\/wp-content\/uploads\/sites\/19\/2013\/03\/aniversario-300x133.jpg 300w\" sizes=\"(max-width: 450px) 100vw, 450px\" \/><\/a><p id=\"caption-attachment-1774\" class=\"wp-caption-text\">La tienda online de C&A cumple un a\u00f1o <\/p><\/div>\n<p><script type=\"text\/javascript\">var addthis_config = {\"data_track_clickback\":true,\"data_track_addressbar\":false,\"data_track_textcopy\":false,\"ui_atversion\":\"300\"}; var addthis_product = 'wpp-3.0.2';<\/script><script type=\"text\/javascript\" src=\"\/\/s7.addthis.com\/js\/300\/addthis_widget.js#pubid=ra-50fc27702fb34fca\"><\/script><\/p>\n","protected":false},"excerpt":{"rendered":"<p>Si os interesa daos prisa, porque la promoci\u00f3n se acaba. Si est\u00e1s sin trabajo, en las tiendas C&#038;A un mes m\u00e1s ofrecen un 20% de descuento en compras. Para disfrutar de esta rebaja, solo hay que presentar la cartilla de desempleo en caja, en el momento de pagar. R\u00e1pido porque la iniciativa tiene fecha de [&hellip;]<\/p>\n","protected":false},"author":24,"featured_media":0,"comment_status":"open","ping_status":"closed","sticky":false,"template":"","format":"standard","meta":[],"categories":[7,8],"tags":[504,1046,3038,3594],"_links":{"self":[{"href":"https:\/\/blogs.diariosur.es\/-que-le-compro-\/wp-json\/wp\/v2\/posts\/1773"}],"collection":[{"href":"https:\/\/blogs.diariosur.es\/-que-le-compro-\/wp-json\/wp\/v2\/posts"}],"about":[{"href":"https:\/\/blogs.diariosur.es\/-que-le-compro-\/wp-json\/wp\/v2\/types\/post"}],"author":[{"embeddable":true,"href":"https:\/\/blogs.diariosur.es\/-que-le-compro-\/wp-json\/wp\/v2\/users\/24"}],"replies":[{"embeddable":true,"href":"https:\/\/blogs.diariosur.es\/-que-le-compro-\/wp-json\/wp\/v2\/comments?post=1773"}],"version-history":[{"count":0,"href":"https:\/\/blogs.diariosur.es\/-que-le-compro-\/wp-json\/wp\/v2\/posts\/1773\/revisions"}],"wp:attachment":[{"href":"https:\/\/blogs.diariosur.es\/-que-le-compro-\/wp-json\/wp\/v2\/media?parent=1773"}],"wp:term":[{"taxonomy":"category","embeddable":true,"href":"https:\/\/blogs.diariosur.es\/-que-le-compro-\/wp-json\/wp\/v2\/categories?post=1773"},{"taxonomy":"post_tag","embeddable":true,"href":"https:\/\/blogs.diariosur.es\/-que-le-compro-\/wp-json\/wp\/v2\/tags?post=1773"}],"curies":[{"name":"wp","href":"https:\/\/api.w.org\/{rel}","templated":true}]}}