{"id":1778,"date":"2013-03-13T10:45:07","date_gmt":"2013-03-13T09:45:07","guid":{"rendered":"http:\/\/blogs.diariosur.es\/-que-le-compro-\/?p=1778"},"modified":"2013-03-13T10:45:07","modified_gmt":"2013-03-13T09:45:07","slug":"celebracion-de-san-patricio-patron-de-irlanda-en-parque-miramar-de-fuengirola","status":"publish","type":"post","link":"https:\/\/blogs.diariosur.es\/-que-le-compro-\/2013\/03\/13\/celebracion-de-san-patricio-patron-de-irlanda-en-parque-miramar-de-fuengirola\/","title":{"rendered":"Celebraci\u00f3n de San Patricio, patr\u00f3n de Irlanda, en Parque Miramar de Fuengirola"},"content":{"rendered":"<p><span style=\"color: #333399;\">Un a\u00f1o m\u00e1s, el centro comercial Parque Miramar de Fuengirola se vuelca con la celebraci\u00f3n del d\u00eda de<strong> San Patricio<\/strong>, considerado el patr\u00f3n de Irlanda. La efem\u00e9ride se celebrar\u00e1 el pr\u00f3ximo <strong>s\u00e1bado, d\u00eda 16,<\/strong> y contar\u00e1 con m\u00fasica en directo, actividades para los m\u00e1s peque\u00f1os como el\u00a0desfile de los leprechauns\u00a0y otras iniciativas pensada para toda la familia.\u00a0Se celebrar\u00e1n de 17 a 20.30 y todas son <strong>gratis<\/strong>.<\/span><\/p>\n<p><span style=\"color: #333399;\">Toma nota que aqu\u00ed tienes el <span style=\"text-decoration: underline;\">programa completo de actividades:<\/span><\/span><\/p>\n<p><span style=\"color: #333399;\">17:00 a 19:00 El Caldero de chocolate<\/span><br \/>\n<span style=\"color: #333399;\">Taller infantil de manualidades con Leprechauns<\/span><\/p>\n<p><span style=\"color: #333399;\">18:30 a 19:00 Desfile &#8220;Detr\u00e1s del Arco Iris&#8221;<\/span><br \/>\n<span style=\"color: #333399;\">Ven a descubrir qu\u00e9 dulce sorpresa se esconde al final del Arco Iris<\/span><\/p>\n<p><span style=\"color: #333399;\">19:00 a 19:30 Actuaci\u00f3n musical RRRadio Gee<\/span><br \/>\n<span style=\"color: #333399;\">Interpretaci\u00f3n de m\u00fasica folk irlandesa<\/span><\/p>\n<p><span style=\"color: #333399;\">19:00 a 19:30 Degustaci\u00f3n de cervezas<\/span><br \/>\n<span style=\"color: #333399;\">No te pierdas las t\u00edpicas cervezas verdes de San Patricio<\/span><\/p>\n<p><span style=\"color: #333399;\">19:30 a 20:00 Segundo pase del desfile &#8220;Detr\u00e1s del Arco Iris&#8221;<\/span><\/p>\n<p><span style=\"color: #333399;\">20:00 a 20:30 Actuaci\u00f3n musical RRRadio Gee<\/span><br \/>\n<span style=\"color: #333399;\">Baila al ritmo del rock irland\u00e9s<\/span><\/p>\n<p><script type=\"text\/javascript\">var addthis_config = {\"data_track_clickback\":true,\"data_track_addressbar\":false,\"data_track_textcopy\":false,\"ui_atversion\":\"300\"}; var addthis_product = 'wpp-3.0.2';<\/script><script type=\"text\/javascript\" src=\"\/\/s7.addthis.com\/js\/300\/addthis_widget.js#pubid=ra-50fc27702fb34fca\"><\/script><\/p>\n<p><a href=\"\/-que-le-compro-\/wp-content\/uploads\/sites\/19\/2013\/03\/evento_sanpatricio_2013.jpg\"><img loading=\"lazy\" class=\"aligncenter size-full wp-image-1779\" title=\"Fiesta de San Patricio 2013 en Fuengirola\" src=\"\/-que-le-compro-\/wp-content\/uploads\/sites\/19\/2013\/03\/evento_sanpatricio_2013.jpg\" alt=\"Fiesta de San Patricio 2013 en Fuengirola\" width=\"375\" height=\"540\" srcset=\"https:\/\/static-blogs.diariosur.es\/wp-content\/uploads\/sites\/19\/2013\/03\/evento_sanpatricio_2013.jpg 375w, https:\/\/static-blogs.diariosur.es\/wp-content\/uploads\/sites\/19\/2013\/03\/evento_sanpatricio_2013-208x300.jpg 208w\" sizes=\"(max-width: 375px) 100vw, 375px\" \/><\/a><\/p>\n<p><span style=\"color: #333399;\">\u00a1A pasarlo bien!<\/span><\/p>\n","protected":false},"excerpt":{"rendered":"<p>Un a\u00f1o m\u00e1s, el centro comercial Parque Miramar de Fuengirola se vuelca con la celebraci\u00f3n del d\u00eda de San Patricio, considerado el patr\u00f3n de Irlanda. La efem\u00e9ride se celebrar\u00e1 el pr\u00f3ximo s\u00e1bado, d\u00eda 16, y contar\u00e1 con m\u00fasica en directo, actividades para los m\u00e1s peque\u00f1os como el\u00a0desfile de los leprechauns\u00a0y otras iniciativas pensada para toda [&hellip;]<\/p>\n","protected":false},"author":24,"featured_media":0,"comment_status":"open","ping_status":"closed","sticky":false,"template":"","format":"standard","meta":[],"categories":[2],"tags":[98,1411,2837,2875,3307],"_links":{"self":[{"href":"https:\/\/blogs.diariosur.es\/-que-le-compro-\/wp-json\/wp\/v2\/posts\/1778"}],"collection":[{"href":"https:\/\/blogs.diariosur.es\/-que-le-compro-\/wp-json\/wp\/v2\/posts"}],"about":[{"href":"https:\/\/blogs.diariosur.es\/-que-le-compro-\/wp-json\/wp\/v2\/types\/post"}],"author":[{"embeddable":true,"href":"https:\/\/blogs.diariosur.es\/-que-le-compro-\/wp-json\/wp\/v2\/users\/24"}],"replies":[{"embeddable":true,"href":"https:\/\/blogs.diariosur.es\/-que-le-compro-\/wp-json\/wp\/v2\/comments?post=1778"}],"version-history":[{"count":0,"href":"https:\/\/blogs.diariosur.es\/-que-le-compro-\/wp-json\/wp\/v2\/posts\/1778\/revisions"}],"wp:attachment":[{"href":"https:\/\/blogs.diariosur.es\/-que-le-compro-\/wp-json\/wp\/v2\/media?parent=1778"}],"wp:term":[{"taxonomy":"category","embeddable":true,"href":"https:\/\/blogs.diariosur.es\/-que-le-compro-\/wp-json\/wp\/v2\/categories?post=1778"},{"taxonomy":"post_tag","embeddable":true,"href":"https:\/\/blogs.diariosur.es\/-que-le-compro-\/wp-json\/wp\/v2\/tags?post=1778"}],"curies":[{"name":"wp","href":"https:\/\/api.w.org\/{rel}","templated":true}]}}