{"id":1780,"date":"2013-03-13T19:22:58","date_gmt":"2013-03-13T18:22:58","guid":{"rendered":"http:\/\/blogs.diariosur.es\/-que-le-compro-\/?p=1780"},"modified":"2013-03-13T19:22:58","modified_gmt":"2013-03-13T18:22:58","slug":"mercadillo-de-artesania-en-la-casa-invisible-malaga-participantes","status":"publish","type":"post","link":"https:\/\/blogs.diariosur.es\/-que-le-compro-\/2013\/03\/13\/mercadillo-de-artesania-en-la-casa-invisible-malaga-participantes\/","title":{"rendered":"Mercadillo de artesan\u00eda en La Casa Invisible, dise\u00f1adores participantes"},"content":{"rendered":"<p><img loading=\"lazy\" class=\"size-full wp-image-1785 aligncenter\" title=\"Cartel del II mercadillo artesanal en La Casa Invisible\" src=\"\/-que-le-compro-\/wp-content\/uploads\/sites\/19\/2013\/03\/blog-cartel1.jpg\" alt=\"Cartel del II mercadillo artesanal en La Casa Invisible\" width=\"450\" height=\"631\" srcset=\"https:\/\/static-blogs.diariosur.es\/wp-content\/uploads\/sites\/19\/2013\/03\/blog-cartel1.jpg 450w, https:\/\/static-blogs.diariosur.es\/wp-content\/uploads\/sites\/19\/2013\/03\/blog-cartel1-214x300.jpg 214w\" sizes=\"(max-width: 450px) 100vw, 450px\" \/><\/p>\n<p><span style=\"color: #333399;\">Una cita m\u00e1s a a\u00f1adir a la agenda de mercadillos en M\u00e1laga. El centro socio-cultural <a href=\"http:\/\/www.lainvisible.net\/\" rel=\"external nofollow\"><span style=\"color: #333399;\">La Casa Invisible <\/span><\/a>\u00a0se apunta tambi\u00e9n a la tendencia (creciente) de dar una oportunidad a j\u00f3venes dise\u00f1adores locales y pone en marcha una muestra artesanal este s\u00e1bado. Es la segunda edici\u00f3n y contar\u00e1, por cuestiones de espacio, con 21 participantes, seg\u00fan me cuentan. <\/span><\/p>\n<p><span style=\"color: #333399;\">La cita, con entrada gratuita, es <span style=\"text-decoration: underline;\">de doce de la ma\u00f1ana a seis de la tarde<\/span> en el Centro, ya que est\u00e1n en la calle Nosquera 11. All\u00ed podr\u00e1n encontrarse a precios asequibles objetos de decoraci\u00f3n, fotograf\u00eda e ilustraciones y distintos art\u00edculos handmade de joyer\u00eda, crochet, bolsos, amigurumi, moda y complementos y algunas cosas m\u00e1s.<\/span><\/p>\n<p><span style=\"color: #333399;\">Este es el <strong>listado de creadores participantes<\/strong> que mostrar\u00e1n sus trabajos este s\u00e1bado:<\/span><\/p>\n<p><span style=\"text-decoration: underline; color: #333399;\">Accesorios y joyer\u00eda<\/span><\/p>\n<ul>\n<li><span style=\"color: #333399;\">Rub\u00e9n,con accesorios en cuero hechos a mano.<\/span><\/li>\n<li><span style=\"color: #333399;\">Vanessa Cebrero,con cuero y bisuter\u00eda.<\/span><\/li>\n<li><span style=\"color: #333399;\">Ana Fores, con su taller con accesorios y mucho m\u00e1s.<\/span><\/li>\n<li><span style=\"color: #333399;\">Lara Ganfornina, con croch\u00e9 y Kristine Suveizda. Ambas traen joyer\u00eda y accesorios con materiales reciclados.<\/span><\/li>\n<li><span style=\"color: #333399;\">M\u00aa \u00c1ngeles Vara y collares matrioskas, felpas, fieltro y bisuter\u00eda.<\/span><\/li>\n<li><span style=\"color: #333399;\"><strong>Hamanos<\/strong> (organizador del evento junto a La Casa Invisible) con manualidades de diferentes tipos.<\/span><\/li>\n<\/ul>\n<p><span style=\"text-decoration: underline; color: #333399;\">Crochet y costura<\/span><\/p>\n<ul>\n<li><span style=\"color: #333399;\">Miriam D\u00e1vila y Carmen Yuste, crochet todo a mano.<\/span><\/li>\n<li><span style=\"color: #333399;\">Elisa Arias con la marca Chocolatearte. Fieltro, fimo, costura, etc.<\/span><\/li>\n<li><span style=\"color: #333399;\">Tejiendohastadormidas: trae amigurumi y crochet.<\/span><\/li>\n<li><span style=\"color: #333399;\">Mar\u00eda Eulogia, con mostrar\u00e1 sus cajas de costura y mucho m\u00e1s.<\/span><\/li>\n<\/ul>\n<p><span style=\"text-decoration: underline; color: #333399;\">Ilustraciones<\/span><br \/>\n<span style=\"color: #333399;\">Aintzane Cruceta y sus chicas pin up.<\/span><\/p>\n<p><span style=\"text-decoration: underline; color: #333399;\">Fotograf\u00eda<\/span><br \/>\n<span style=\"color: #333399;\">Mart\u00edn de Arriba expondr\u00e1 su fotograf\u00eda art\u00edstica.<\/span><\/p>\n<p><span style=\"text-decoration: underline; color: #333399;\">Cer\u00e1mica<\/span><br \/>\n<span style=\"color: #333399;\">Marta y su cer\u00e1mica art\u00edstica.<\/span><\/p>\n<p><span style=\"text-decoration: underline; color: #333399;\">Complementos y decoraci\u00f3n<\/span><\/p>\n<ul>\n<li><span style=\"color: #333399;\">Paloma Rell\u00e1n con camisetas, gorras, fieltro, \u2026<\/span><\/li>\n<li><span style=\"color: #333399;\">Ana Adrados pondr\u00e1 a tu alcance sus cajas personalizadas.<\/span><\/li>\n<li><span style=\"color: #333399;\">El acerico de Raquel tendr\u00e1 bolsos y m\u00e1s accesorios en su mesa.<\/span><\/li>\n<li><span style=\"color: #333399;\">\u00a0Pd: Adryus con su ya famoso calzado customizado a mano.<\/span><\/li>\n<li><span style=\"color: #333399;\">Yessenia Campos con sus coloridas bolsas impermeables.<\/span><\/li>\n<li><span style=\"color: #333399;\">Celia Gonz\u00e1lez con artesan\u00eda en madera y camisetas.<\/span><\/li>\n<\/ul>\n<p><span style=\"text-decoration: underline; color: #333399;\">Joyer\u00eda art\u00edstica<\/span><\/p>\n<ul>\n<li><span style=\"color: #333399;\">Arte en mariposas, que realiza todo con alas reales de mariposa.<\/span><\/li>\n<li><span style=\"color: #333399;\">\u00c1ngel Segarra hace joyer\u00eda y orfebrer\u00eda.<\/span><\/li>\n<li><span style=\"color: #333399;\">Reciclaysalva con joyer\u00eda y accesorios reciclando, piezas de ordenador, vinilos y muchos m\u00e1s materiales.<\/span><\/li>\n<li><span style=\"color: #333399;\"><br \/>\n<\/span><\/li>\n<\/ul>\n<p><span style=\"color: #333399;\">El mercadillo invisible <strong>se celebrar\u00e1 una vez al mes<\/strong> as\u00ed que si os interesa participar para la pr\u00f3xima edici\u00f3n pod\u00e9is contactar con la organizaci\u00f3n enviando un <a href=\"mailto:hamanosmanlaga@gmail.com\"><span style=\"color: #333399;\">correo electr\u00f3nico<\/span><\/a> aqu\u00ed.\u00a0Aqu\u00ed ten\u00e9is algunas fotos de la primera edici\u00f3n, celebrada justo hace un mes, el 16 de febrero:<\/span><\/p>\n<p><script type=\"text\/javascript\">var addthis_config = {\"data_track_clickback\":true,\"data_track_addressbar\":false,\"data_track_textcopy\":false,\"ui_atversion\":\"300\"}; var addthis_product = 'wpp-3.0.2';<\/script><script type=\"text\/javascript\" src=\"\/\/s7.addthis.com\/js\/300\/addthis_widget.js#pubid=ra-50fc27702fb34fca\"><\/script><br \/>\n<img loading=\"lazy\" class=\"size-full wp-image-1782 aligncenter\" title=\"I Mercadillo de La Casa Invisible, febrero 2013\" src=\"\/-que-le-compro-\/wp-content\/uploads\/sites\/19\/2013\/03\/blog-mercadillo1.jpg\" alt=\"I Mercadillo de La Casa Invisible, febrero 2013\" width=\"450\" height=\"278\" srcset=\"https:\/\/static-blogs.diariosur.es\/wp-content\/uploads\/sites\/19\/2013\/03\/blog-mercadillo1.jpg 450w, https:\/\/static-blogs.diariosur.es\/wp-content\/uploads\/sites\/19\/2013\/03\/blog-mercadillo1-300x185.jpg 300w\" sizes=\"(max-width: 450px) 100vw, 450px\" \/><\/p>\n<p>&nbsp;<\/p>\n<p><img loading=\"lazy\" class=\"size-full wp-image-1783 aligncenter\" title=\"I Mercadillo de La Casa Invisible, febrero 2013\" src=\"\/-que-le-compro-\/wp-content\/uploads\/sites\/19\/2013\/03\/blog-mercadillo2.jpg\" alt=\"I Mercadillo de La Casa Invisible, febrero 2013\" width=\"450\" height=\"607\" srcset=\"https:\/\/static-blogs.diariosur.es\/wp-content\/uploads\/sites\/19\/2013\/03\/blog-mercadillo2.jpg 450w, https:\/\/static-blogs.diariosur.es\/wp-content\/uploads\/sites\/19\/2013\/03\/blog-mercadillo2-222x300.jpg 222w\" sizes=\"(max-width: 450px) 100vw, 450px\" \/><\/p>\n<p>&nbsp;<\/p>\n<p><img loading=\"lazy\" class=\"size-full wp-image-1784 aligncenter\" title=\"I Mercadillo de La Casa Invisible, febrero 2013\" src=\"\/-que-le-compro-\/wp-content\/uploads\/sites\/19\/2013\/03\/blog-mercadillo3.jpg\" alt=\"I Mercadillo de La Casa Invisible, febrero 2013\" width=\"450\" height=\"269\" srcset=\"https:\/\/static-blogs.diariosur.es\/wp-content\/uploads\/sites\/19\/2013\/03\/blog-mercadillo3.jpg 450w, https:\/\/static-blogs.diariosur.es\/wp-content\/uploads\/sites\/19\/2013\/03\/blog-mercadillo3-300x179.jpg 300w\" sizes=\"(max-width: 450px) 100vw, 450px\" \/><\/p>\n","protected":false},"excerpt":{"rendered":"<p>Una cita m\u00e1s a a\u00f1adir a la agenda de mercadillos en M\u00e1laga. El centro socio-cultural La Casa Invisible \u00a0se apunta tambi\u00e9n a la tendencia (creciente) de dar una oportunidad a j\u00f3venes dise\u00f1adores locales y pone en marcha una muestra artesanal este s\u00e1bado. Es la segunda edici\u00f3n y contar\u00e1, por cuestiones de espacio, con 21 participantes, [&hellip;]<\/p>\n","protected":false},"author":24,"featured_media":0,"comment_status":"open","ping_status":"closed","sticky":false,"template":"","format":"standard","meta":[],"categories":[4,6],"tags":[174,1608,1610,1779,1858,1883,2359,2881],"_links":{"self":[{"href":"https:\/\/blogs.diariosur.es\/-que-le-compro-\/wp-json\/wp\/v2\/posts\/1780"}],"collection":[{"href":"https:\/\/blogs.diariosur.es\/-que-le-compro-\/wp-json\/wp\/v2\/posts"}],"about":[{"href":"https:\/\/blogs.diariosur.es\/-que-le-compro-\/wp-json\/wp\/v2\/types\/post"}],"author":[{"embeddable":true,"href":"https:\/\/blogs.diariosur.es\/-que-le-compro-\/wp-json\/wp\/v2\/users\/24"}],"replies":[{"embeddable":true,"href":"https:\/\/blogs.diariosur.es\/-que-le-compro-\/wp-json\/wp\/v2\/comments?post=1780"}],"version-history":[{"count":0,"href":"https:\/\/blogs.diariosur.es\/-que-le-compro-\/wp-json\/wp\/v2\/posts\/1780\/revisions"}],"wp:attachment":[{"href":"https:\/\/blogs.diariosur.es\/-que-le-compro-\/wp-json\/wp\/v2\/media?parent=1780"}],"wp:term":[{"taxonomy":"category","embeddable":true,"href":"https:\/\/blogs.diariosur.es\/-que-le-compro-\/wp-json\/wp\/v2\/categories?post=1780"},{"taxonomy":"post_tag","embeddable":true,"href":"https:\/\/blogs.diariosur.es\/-que-le-compro-\/wp-json\/wp\/v2\/tags?post=1780"}],"curies":[{"name":"wp","href":"https:\/\/api.w.org\/{rel}","templated":true}]}}