{"id":1792,"date":"2013-03-15T12:30:42","date_gmt":"2013-03-15T11:30:42","guid":{"rendered":"http:\/\/blogs.diariosur.es\/-que-le-compro-\/?p=1792"},"modified":"2013-03-15T12:30:42","modified_gmt":"2013-03-15T11:30:42","slug":"inscripcion-abierta-craftsma-rincon-de-la-victoria-y-centro-de-malaga","status":"publish","type":"post","link":"https:\/\/blogs.diariosur.es\/-que-le-compro-\/2013\/03\/15\/inscripcion-abierta-craftsma-rincon-de-la-victoria-y-centro-de-malaga\/","title":{"rendered":"Vuelve Craftsma al Rinc\u00f3n de la Victoria y Centro de M\u00e1laga, inscripci\u00f3n abierta"},"content":{"rendered":"<p><span style=\"color: #333399;\">Despu\u00e9s de un peque\u00f1o par\u00e9ntesis, la muestra Crafts Market M\u00e1laga regresa. Y lo hace con fuerza, por partida doble, ya que habr\u00e1 mercadillo en las pr\u00f3ximas semanas tanto en Rinc\u00f3n de la Victoria como en la <strong>plaza de la Merced<\/strong>, en M\u00e1laga capital. La primera convocatoria ser\u00e1 la pr\u00f3xima semana, el s\u00e1bado 23 (v\u00edspera del Domingo de Ramos) en el Rinc\u00f3n, en la <strong>plaza Al Andalus<\/strong> como siempre, junto al Ayuntamiento. De 10.30 a 17 horas.<\/span><\/p>\n<p><span style=\"color: #333399;\">Y la del Centro de M\u00e1laga ser\u00e1 ocho d\u00edas despu\u00e9s, el domingo 31 (Domingo de Resurrecci\u00f3n).\u00a0<\/span><\/p>\n<p><span style=\"color: #333399;\">El plazo de inscripci\u00f3n para ambas ediciones ya est\u00e1 abierto. Los interesad@s pueden contactar con la organizaci\u00f3n <a href=\"mailto:organizacion@craftsma.es \"><span style=\"color: #333399;\">enviando un correo electr\u00f3nico aqu\u00ed\u00a0<\/span><\/a><\/span><\/p>\n<p><script type=\"text\/javascript\">var addthis_config = {\"data_track_clickback\":true,\"data_track_addressbar\":false,\"data_track_textcopy\":false,\"ui_atversion\":\"300\"}; var addthis_product = 'wpp-3.0.2';<\/script><script type=\"text\/javascript\" src=\"\/\/s7.addthis.com\/js\/300\/addthis_widget.js#pubid=ra-50fc27702fb34fca\"><\/script><\/p>\n<p><span style=\"color: #333399;\">Aqu\u00ed ten\u00e9is el cartel anunciador de la muestra de dise\u00f1adores de Rinc\u00f3n de la Victoria, un aut\u00e9ntico ejemplo de artesan\u00eda y handmade, \u00bfa que es muy bonito?<\/span><\/p>\n<div id=\"attachment_1793\" style=\"width: 460px\" class=\"wp-caption aligncenter\"><a href=\"\/-que-le-compro-\/wp-content\/uploads\/sites\/19\/2013\/03\/cartel-rincon1.jpg\"><img aria-describedby=\"caption-attachment-1793\" loading=\"lazy\" class=\"size-full wp-image-1793\" title=\"Craftsma Rinc\u00f3n de la Victoria, 23 de marzo\" src=\"\/-que-le-compro-\/wp-content\/uploads\/sites\/19\/2013\/03\/cartel-rincon1.jpg\" alt=\"Craftsma Rinc\u00f3n de la Victoria, 23 de marzo\" width=\"450\" height=\"570\" srcset=\"https:\/\/static-blogs.diariosur.es\/wp-content\/uploads\/sites\/19\/2013\/03\/cartel-rincon1.jpg 450w, https:\/\/static-blogs.diariosur.es\/wp-content\/uploads\/sites\/19\/2013\/03\/cartel-rincon1-237x300.jpg 237w\" sizes=\"(max-width: 450px) 100vw, 450px\" \/><\/a><p id=\"caption-attachment-1793\" class=\"wp-caption-text\">Craftsma Rinc\u00f3n de la Victoria, 23 de marzo<\/p><\/div>\n<p>&nbsp;<\/p>\n","protected":false},"excerpt":{"rendered":"<p>Despu\u00e9s de un peque\u00f1o par\u00e9ntesis, la muestra Crafts Market M\u00e1laga regresa. Y lo hace con fuerza, por partida doble, ya que habr\u00e1 mercadillo en las pr\u00f3ximas semanas tanto en Rinc\u00f3n de la Victoria como en la plaza de la Merced, en M\u00e1laga capital. La primera convocatoria ser\u00e1 la pr\u00f3xima semana, el s\u00e1bado 23 (v\u00edspera del [&hellip;]<\/p>\n","protected":false},"author":24,"featured_media":0,"comment_status":"open","ping_status":"closed","sticky":false,"template":"","format":"standard","meta":[],"categories":[4,6],"tags":[349,935,936,1912,2301,2953,3536],"_links":{"self":[{"href":"https:\/\/blogs.diariosur.es\/-que-le-compro-\/wp-json\/wp\/v2\/posts\/1792"}],"collection":[{"href":"https:\/\/blogs.diariosur.es\/-que-le-compro-\/wp-json\/wp\/v2\/posts"}],"about":[{"href":"https:\/\/blogs.diariosur.es\/-que-le-compro-\/wp-json\/wp\/v2\/types\/post"}],"author":[{"embeddable":true,"href":"https:\/\/blogs.diariosur.es\/-que-le-compro-\/wp-json\/wp\/v2\/users\/24"}],"replies":[{"embeddable":true,"href":"https:\/\/blogs.diariosur.es\/-que-le-compro-\/wp-json\/wp\/v2\/comments?post=1792"}],"version-history":[{"count":0,"href":"https:\/\/blogs.diariosur.es\/-que-le-compro-\/wp-json\/wp\/v2\/posts\/1792\/revisions"}],"wp:attachment":[{"href":"https:\/\/blogs.diariosur.es\/-que-le-compro-\/wp-json\/wp\/v2\/media?parent=1792"}],"wp:term":[{"taxonomy":"category","embeddable":true,"href":"https:\/\/blogs.diariosur.es\/-que-le-compro-\/wp-json\/wp\/v2\/categories?post=1792"},{"taxonomy":"post_tag","embeddable":true,"href":"https:\/\/blogs.diariosur.es\/-que-le-compro-\/wp-json\/wp\/v2\/tags?post=1792"}],"curies":[{"name":"wp","href":"https:\/\/api.w.org\/{rel}","templated":true}]}}