{"id":1794,"date":"2013-03-16T10:48:22","date_gmt":"2013-03-16T09:48:22","guid":{"rendered":"http:\/\/blogs.diariosur.es\/-que-le-compro-\/?p=1794"},"modified":"2013-03-16T10:48:22","modified_gmt":"2013-03-16T09:48:22","slug":"agenda-de-mercadillos-del-fin-de-semana-en-malaga","status":"publish","type":"post","link":"https:\/\/blogs.diariosur.es\/-que-le-compro-\/2013\/03\/16\/agenda-de-mercadillos-del-fin-de-semana-en-malaga\/","title":{"rendered":"Agenda de mercadillos del fin de semana en M\u00e1laga"},"content":{"rendered":"<p><span style=\"color: #333399;\">Despu\u00e9s de que la lluvia aguara los distintos mercadillos del pasado fin de semana en M\u00e1laga -solo se pudo celebrar el <a href=\"https:\/\/blogs.diariosur.es\/-que-le-compro-\/2013\/03\/09\/nuevo-mercado-ecologico-en-la-malagueta-segundo-sabado-del-mes\/\">ecol\u00f3gico en La Malagueta<\/a>&#8211; la agenda se traslada a \u00e9ste, si el tiempo no lo impide. As\u00ed que tomad nota, porque llega cargado, sobre todo el domingo: Salvo imprevistos de \u00faltima hora, van a coincidir tres, y (casi) en el mismo horario, aunque como es amplio dar\u00eda para verlos todos si se quiere.<\/span><\/p>\n<p><span style=\"color: #333399;\">Por un lado, el <strong>mercadillo Ba\u00f1os del Carmen<\/strong> intentar\u00e1, por tercera vez, celebrar su tres a\u00f1os de vida. La cita es, ya sab\u00e9is, en el paseo Mar\u00edtimo de El Palo (concretamente en la calle Quitapenas, en la trasera del colegio La Milagrosa) de diez de la ma\u00f1ana a cuatro de la tarde. \u00a0A ver si el tiempo da por fin una tregua y a la tercera va por fin la vencida.<\/span><\/p>\n<p><span style=\"color: #333399;\">Paralelamente, en <strong>Muelle Uno<\/strong>, hay dos opciones. Por un lado, la edici\u00f3n semanal de la <strong>asociaci\u00f3n {re} Uni\u00f3n de Creadores<\/strong>, que adem\u00e1s de su amplio listado de dise\u00f1adores participantes este domingo ofrece adem\u00e1s una actividad muy interesante: <strong>taller de capirotes<\/strong> para los m\u00e1s peque\u00f1os, \u00a1totalmente gratis! que ser\u00e1 doce de la ma\u00f1ana a dos de la tarde (la muestra continuar\u00e1 hasta las cuatro). Correr\u00e1 a cargo de El taller de Ana.<\/span><\/p>\n<p><a href=\"\/-que-le-compro-\/wp-content\/uploads\/sites\/19\/2013\/03\/taller-capirotes-blog.jpg\"><img loading=\"lazy\" class=\"aligncenter size-full wp-image-1795\" title=\"Taller gratuito de capirotes en Muelle Uno\" src=\"\/-que-le-compro-\/wp-content\/uploads\/sites\/19\/2013\/03\/taller-capirotes-blog.jpg\" alt=\"Taller gratuito de capirotes en Muelle Uno\" width=\"450\" height=\"600\" srcset=\"https:\/\/static-blogs.diariosur.es\/wp-content\/uploads\/sites\/19\/2013\/03\/taller-capirotes-blog.jpg 450w, https:\/\/static-blogs.diariosur.es\/wp-content\/uploads\/sites\/19\/2013\/03\/taller-capirotes-blog-225x300.jpg 225w\" sizes=\"(max-width: 450px) 100vw, 450px\" \/><\/a><\/p>\n<p><script type=\"text\/javascript\">var addthis_config = {\"data_track_clickback\":true,\"data_track_addressbar\":false,\"data_track_textcopy\":false,\"ui_atversion\":\"300\"}; var addthis_product = 'wpp-3.0.2';<\/script><script type=\"text\/javascript\" src=\"\/\/s7.addthis.com\/js\/300\/addthis_widget.js#pubid=ra-50fc27702fb34fca\"><\/script><\/p>\n<p><span style=\"color: #333399;\">Y como tambi\u00e9n se vio afectado por la lluvia, qued\u00f3 aplazado para este domingo el <strong>Zoco<\/strong> de Muelle Uno, de once de la ma\u00f1ana a cuatro de la tarde como es habitual.<\/span><\/p>\n<p>Y este s\u00e1bado 16 ya sab\u00e9is que la artesan\u00eda se apodera de <a href=\"https:\/\/blogs.diariosur.es\/-que-le-compro-\/2013\/03\/13\/mercadillo-de-artesania-en-la-casa-invisible-malaga-participantes\/\">La Casa Invisible<\/a>, en el Centro de M\u00e1laga, que celebra la segunda edici\u00f3n de su mercadillo.<\/p>\n<p><span style=\"color: #333399;\">\u00a1Buen fin de semana de compras!<\/span><\/p>\n","protected":false},"excerpt":{"rendered":"<p>Despu\u00e9s de que la lluvia aguara los distintos mercadillos del pasado fin de semana en M\u00e1laga -solo se pudo celebrar el ecol\u00f3gico en La Malagueta&#8211; la agenda se traslada a \u00e9ste, si el tiempo no lo impide. As\u00ed que tomad nota, porque llega cargado, sobre todo el domingo: Salvo imprevistos de \u00faltima hora, van a [&hellip;]<\/p>\n","protected":false},"author":24,"featured_media":0,"comment_status":"open","ping_status":"closed","sticky":false,"template":"","format":"standard","meta":[],"categories":[4,6],"tags":[318,1229,1231,2181,2182,2377,2559,3529],"_links":{"self":[{"href":"https:\/\/blogs.diariosur.es\/-que-le-compro-\/wp-json\/wp\/v2\/posts\/1794"}],"collection":[{"href":"https:\/\/blogs.diariosur.es\/-que-le-compro-\/wp-json\/wp\/v2\/posts"}],"about":[{"href":"https:\/\/blogs.diariosur.es\/-que-le-compro-\/wp-json\/wp\/v2\/types\/post"}],"author":[{"embeddable":true,"href":"https:\/\/blogs.diariosur.es\/-que-le-compro-\/wp-json\/wp\/v2\/users\/24"}],"replies":[{"embeddable":true,"href":"https:\/\/blogs.diariosur.es\/-que-le-compro-\/wp-json\/wp\/v2\/comments?post=1794"}],"version-history":[{"count":0,"href":"https:\/\/blogs.diariosur.es\/-que-le-compro-\/wp-json\/wp\/v2\/posts\/1794\/revisions"}],"wp:attachment":[{"href":"https:\/\/blogs.diariosur.es\/-que-le-compro-\/wp-json\/wp\/v2\/media?parent=1794"}],"wp:term":[{"taxonomy":"category","embeddable":true,"href":"https:\/\/blogs.diariosur.es\/-que-le-compro-\/wp-json\/wp\/v2\/categories?post=1794"},{"taxonomy":"post_tag","embeddable":true,"href":"https:\/\/blogs.diariosur.es\/-que-le-compro-\/wp-json\/wp\/v2\/tags?post=1794"}],"curies":[{"name":"wp","href":"https:\/\/api.w.org\/{rel}","templated":true}]}}