{"id":1797,"date":"2013-03-17T13:13:58","date_gmt":"2013-03-17T12:13:58","guid":{"rendered":"http:\/\/blogs.diariosur.es\/-que-le-compro-\/?p=1797"},"modified":"2013-03-17T13:13:58","modified_gmt":"2013-03-17T12:13:58","slug":"anulados-los-mercadillos-de-este-domingo-en-malaga","status":"publish","type":"post","link":"https:\/\/blogs.diariosur.es\/-que-le-compro-\/2013\/03\/17\/anulados-los-mercadillos-de-este-domingo-en-malaga\/","title":{"rendered":"Anulados los mercadillos de este domingo en M\u00e1laga"},"content":{"rendered":"<p><span style=\"font-size: medium; color: #333399;\">La historia vuelve a repetirse. De nuevo la lluvia ha trastocado los planes. As\u00ed que por segunda semana consecutiva los mercadillos dominicales de M\u00e1laga capital se suspenden. As\u00ed que la celebraci\u00f3n del tercer aniversario del mercadillo de los Ba\u00f1os del Carmen tendr\u00e1 que seguir esperando, como tambi\u00e9n la edici\u00f3n mensual del zoco de Muelle Uno, y la convocatoria semanal de la asociaci\u00f3n {re} Uni\u00f3n de Creadores, todos previstos para este domingo.<\/span><\/p>\n<p><script type=\"text\/javascript\">var addthis_config = {\"data_track_clickback\":true,\"data_track_addressbar\":false,\"data_track_textcopy\":false,\"ui_atversion\":\"300\"}; var addthis_product = 'wpp-3.0.2';<\/script><script type=\"text\/javascript\" src=\"\/\/s7.addthis.com\/js\/300\/addthis_widget.js#pubid=ra-50fc27702fb34fca\"><\/script><\/p>\n<p><span style=\"font-size: medium; color: #333399;\">Inicialmente la idea es celebrarlos el pr\u00f3ximo domingo, d\u00eda 24, en cuanto est\u00e9n las fechas confirmadas os avisaremos por aqu\u00ed como siempre.<\/span><\/p>\n","protected":false},"excerpt":{"rendered":"<p>La historia vuelve a repetirse. De nuevo la lluvia ha trastocado los planes. As\u00ed que por segunda semana consecutiva los mercadillos dominicales de M\u00e1laga capital se suspenden. As\u00ed que la celebraci\u00f3n del tercer aniversario del mercadillo de los Ba\u00f1os del Carmen tendr\u00e1 que seguir esperando, como tambi\u00e9n la edici\u00f3n mensual del zoco de Muelle Uno, [&hellip;]<\/p>\n","protected":false},"author":24,"featured_media":0,"comment_status":"open","ping_status":"closed","sticky":false,"template":"","format":"standard","meta":[],"categories":[4,6],"tags":[318,1229,2338,2359,2394,3502,3968],"_links":{"self":[{"href":"https:\/\/blogs.diariosur.es\/-que-le-compro-\/wp-json\/wp\/v2\/posts\/1797"}],"collection":[{"href":"https:\/\/blogs.diariosur.es\/-que-le-compro-\/wp-json\/wp\/v2\/posts"}],"about":[{"href":"https:\/\/blogs.diariosur.es\/-que-le-compro-\/wp-json\/wp\/v2\/types\/post"}],"author":[{"embeddable":true,"href":"https:\/\/blogs.diariosur.es\/-que-le-compro-\/wp-json\/wp\/v2\/users\/24"}],"replies":[{"embeddable":true,"href":"https:\/\/blogs.diariosur.es\/-que-le-compro-\/wp-json\/wp\/v2\/comments?post=1797"}],"version-history":[{"count":0,"href":"https:\/\/blogs.diariosur.es\/-que-le-compro-\/wp-json\/wp\/v2\/posts\/1797\/revisions"}],"wp:attachment":[{"href":"https:\/\/blogs.diariosur.es\/-que-le-compro-\/wp-json\/wp\/v2\/media?parent=1797"}],"wp:term":[{"taxonomy":"category","embeddable":true,"href":"https:\/\/blogs.diariosur.es\/-que-le-compro-\/wp-json\/wp\/v2\/categories?post=1797"},{"taxonomy":"post_tag","embeddable":true,"href":"https:\/\/blogs.diariosur.es\/-que-le-compro-\/wp-json\/wp\/v2\/tags?post=1797"}],"curies":[{"name":"wp","href":"https:\/\/api.w.org\/{rel}","templated":true}]}}