{"id":1799,"date":"2013-03-18T11:58:38","date_gmt":"2013-03-18T10:58:38","guid":{"rendered":"http:\/\/blogs.diariosur.es\/-que-le-compro-\/?p=1799"},"modified":"2013-03-18T11:58:38","modified_gmt":"2013-03-18T10:58:38","slug":"descuento-en-hm-en-ropa-de-bebes-y-ninos-y-vales-por-tu-ropa-usada","status":"publish","type":"post","link":"https:\/\/blogs.diariosur.es\/-que-le-compro-\/2013\/03\/18\/descuento-en-hm-en-ropa-de-bebes-y-ninos-y-vales-por-tu-ropa-usada\/","title":{"rendered":"Descuento en H&#038;M en ropa de beb\u00e9s y ni\u00f1os y vales por tu ropa usada"},"content":{"rendered":"<p><span style=\"color: #333399;\">Ya hace unos d\u00edas que se acabaron las rebajas pero si tienes que comprar ropa para beb\u00e9 o ni\u00f1o en H&#038;M tienes una peque\u00f1a ayuda en estas semanas. Porque lanzan su nueva colecci\u00f3n <strong>Conscious<\/strong> y lo celebran ofreciendo a sus clientes un 15% de descuento en sus compras para los m\u00e1s peque\u00f1os. Para disfrutar de esta promoci\u00f3n es necesario presentar un<strong><a href=\"http:\/\/www.hm.com\/es\/coupon-kids-es\" rel=\"external nofollow\"><span style=\"color: #333399;\"> cup\u00f3n que os pod\u00e9is descargar pinchando aqu\u00ed<\/span><\/a><\/strong>. Ojo que la campa\u00f1a dura hasta el 10 de abril<\/span><\/p>\n<p><span style=\"color: #333399;\">Y adem\u00e1s, la firma pone en marcha tambi\u00e9n su <strong>iniciativa para reciclar ropa vieja<\/strong> de la que ya os habl\u00e9 hace unas semanas. Ya sab\u00e9is, pod\u00e9is llevar prendas (de la marca que sea, no tienen que ser de H&#038;M) en buen estado y a cambio recibir\u00e9is vales descuento para pr\u00f3ximas compras. Estas son las <a href=\"https:\/\/blogs.diariosur.es\/-que-le-compro-\/2013\/02\/19\/vales-descuento-por-tu-ropa-vieja-en-hm\/\"><span style=\"color: #333399;\">tiendas de Espa\u00f1a que participan en esta interesante promoci\u00f3n<\/span><\/a>. \u00a1A aprovechar!<\/span><\/p>\n<p><script type=\"text\/javascript\">var addthis_config = {\"data_track_clickback\":true,\"data_track_addressbar\":false,\"data_track_textcopy\":false,\"ui_atversion\":\"300\"}; var addthis_product = 'wpp-3.0.2';<\/script><script type=\"text\/javascript\" src=\"\/\/s7.addthis.com\/js\/300\/addthis_widget.js#pubid=ra-50fc27702fb34fca\"><\/script><\/p>\n<p><a href=\"\/-que-le-compro-\/wp-content\/uploads\/sites\/19\/2013\/03\/nueva-coleccion.jpg\"><img loading=\"lazy\" class=\"aligncenter size-full wp-image-1800\" title=\"Nueva colecci\u00f3n de H&#038;M para ni\u00f1os\" src=\"\/-que-le-compro-\/wp-content\/uploads\/sites\/19\/2013\/03\/nueva-coleccion.jpg\" alt=\"Nueva colecci\u00f3n de H&#038;M para ni\u00f1os\" width=\"660\" height=\"350\" srcset=\"https:\/\/static-blogs.diariosur.es\/wp-content\/uploads\/sites\/19\/2013\/03\/nueva-coleccion.jpg 660w, https:\/\/static-blogs.diariosur.es\/wp-content\/uploads\/sites\/19\/2013\/03\/nueva-coleccion-300x159.jpg 300w\" sizes=\"(max-width: 660px) 100vw, 660px\" \/><\/a><\/p>\n","protected":false},"excerpt":{"rendered":"<p>Ya hace unos d\u00edas que se acabaron las rebajas pero si tienes que comprar ropa para beb\u00e9 o ni\u00f1o en H&#038;M tienes una peque\u00f1a ayuda en estas semanas. Porque lanzan su nueva colecci\u00f3n Conscious y lo celebran ofreciendo a sus clientes un 15% de descuento en sus compras para los m\u00e1s peque\u00f1os. Para disfrutar de [&hellip;]<\/p>\n","protected":false},"author":24,"featured_media":0,"comment_status":"open","ping_status":"closed","sticky":false,"template":"","format":"standard","meta":[],"categories":[5,7],"tags":[902,1065,1073,3153,3710],"_links":{"self":[{"href":"https:\/\/blogs.diariosur.es\/-que-le-compro-\/wp-json\/wp\/v2\/posts\/1799"}],"collection":[{"href":"https:\/\/blogs.diariosur.es\/-que-le-compro-\/wp-json\/wp\/v2\/posts"}],"about":[{"href":"https:\/\/blogs.diariosur.es\/-que-le-compro-\/wp-json\/wp\/v2\/types\/post"}],"author":[{"embeddable":true,"href":"https:\/\/blogs.diariosur.es\/-que-le-compro-\/wp-json\/wp\/v2\/users\/24"}],"replies":[{"embeddable":true,"href":"https:\/\/blogs.diariosur.es\/-que-le-compro-\/wp-json\/wp\/v2\/comments?post=1799"}],"version-history":[{"count":0,"href":"https:\/\/blogs.diariosur.es\/-que-le-compro-\/wp-json\/wp\/v2\/posts\/1799\/revisions"}],"wp:attachment":[{"href":"https:\/\/blogs.diariosur.es\/-que-le-compro-\/wp-json\/wp\/v2\/media?parent=1799"}],"wp:term":[{"taxonomy":"category","embeddable":true,"href":"https:\/\/blogs.diariosur.es\/-que-le-compro-\/wp-json\/wp\/v2\/categories?post=1799"},{"taxonomy":"post_tag","embeddable":true,"href":"https:\/\/blogs.diariosur.es\/-que-le-compro-\/wp-json\/wp\/v2\/tags?post=1799"}],"curies":[{"name":"wp","href":"https:\/\/api.w.org\/{rel}","templated":true}]}}