{"id":1801,"date":"2013-03-18T19:08:58","date_gmt":"2013-03-18T18:08:58","guid":{"rendered":"http:\/\/blogs.diariosur.es\/-que-le-compro-\/?p=1801"},"modified":"2013-03-18T19:08:58","modified_gmt":"2013-03-18T18:08:58","slug":"regalos-para-el-dia-del-padre-san-jose-ideas-baratas","status":"publish","type":"post","link":"https:\/\/blogs.diariosur.es\/-que-le-compro-\/2013\/03\/18\/regalos-para-el-dia-del-padre-san-jose-ideas-baratas\/","title":{"rendered":"Regalos para el D\u00eda del Padre y San Jos\u00e9. Ideas baratas"},"content":{"rendered":"<p style=\"text-align: center;\"><img loading=\"lazy\" class=\"size-full wp-image-1804 aligncenter\" title=\"Reclamo de Superskunk para el D\u00eda del Padre\" src=\"\/-que-le-compro-\/wp-content\/uploads\/sites\/19\/2013\/03\/papa-superskunk.jpg\" alt=\"Reclamo de Superskunk para el D\u00eda del Padre\" width=\"450\" height=\"596\" srcset=\"https:\/\/static-blogs.diariosur.es\/wp-content\/uploads\/sites\/19\/2013\/03\/papa-superskunk.jpg 450w, https:\/\/static-blogs.diariosur.es\/wp-content\/uploads\/sites\/19\/2013\/03\/papa-superskunk-227x300.jpg 227w\" sizes=\"(max-width: 450px) 100vw, 450px\" \/><\/p>\n<p>&nbsp;<\/p>\n<p><span style=\"color: #333399;\">Llega el 19 de marzo, festividad de San Jos\u00e9 y D\u00eda del Padre. As\u00ed que son muuchos los que en esta fecha reciben un regalo. Si est\u00e1is pensando en ideas originales y no demasiado caras, aqu\u00ed van una serie de recomendaciones.<\/span><\/p>\n<p><span style=\"color: #333399;\">Para los deportistas, nada como visitar las tiendas <strong>Decathlon<\/strong>, que tienen todos los accesorios necesarios para todas las disciplinas, y adem\u00e1s a precios bastante asequibles, as\u00ed que mejor a\u00fan. Si es aficionado al f\u00fatbol, que sep\u00e1is que el <strong>M\u00e1laga CF<\/strong> pone a la venta estos d\u00edas una serie de art\u00edculos especiales como por ejemplo billetera de piel, cintur\u00f3n, bol\u00edgrafos, pulseras mecheros, ropa\u2026.Y as\u00ed hasta llegar a cien objetos distintos, seg\u00fan anuncian.<\/span><\/p>\n<p><span style=\"color: #333399;\">Para los sibaritas, adem\u00e1s de en <strong>El Corte Ingl\u00e9s<\/strong> tambi\u00e9n ofrecen interesantes selecciones de productos gourmet tiendas del Centro como <strong>Inossidable<\/strong> (junto al antiguo mercado provisional de Atarazanas), <strong>La Mallorquina<\/strong> (en calle San Juan), <strong>La manzana de oro<\/strong> (Paseo de Reding, La Malagueta) o <strong>Puro N\u00e9ctar<\/strong>, en calle M\u00e1rtires.<\/span><\/p>\n<p><span style=\"color: #333399;\">Los perfumes, los libros, las corbatas, camisas y la moda en general es otro de los b\u00e1sicos de este d\u00eda, y si le gustan los gemelos no os perd\u00e1is este modelo de Gemelolandia.com:<\/span><br \/>\n<a href=\"\/-que-le-compro-\/wp-content\/uploads\/sites\/19\/2013\/03\/papa-gemelos.jpg\"><img loading=\"lazy\" class=\"aligncenter size-full wp-image-1802\" title=\"Gemelos para el d\u00eda del padre\" src=\"\/-que-le-compro-\/wp-content\/uploads\/sites\/19\/2013\/03\/papa-gemelos.jpg\" alt=\"Gemelos para el d\u00eda del padre\" width=\"450\" height=\"450\" srcset=\"https:\/\/static-blogs.diariosur.es\/wp-content\/uploads\/sites\/19\/2013\/03\/papa-gemelos.jpg 450w, https:\/\/static-blogs.diariosur.es\/wp-content\/uploads\/sites\/19\/2013\/03\/papa-gemelos-150x150.jpg 150w, https:\/\/static-blogs.diariosur.es\/wp-content\/uploads\/sites\/19\/2013\/03\/papa-gemelos-300x300.jpg 300w\" sizes=\"(max-width: 450px) 100vw, 450px\" \/><\/a><br \/>\n<span style=\"color: #333399;\">Para los aficionados a los gadgets y\/o la tecnolog\u00eda, interesa darse vuelta por las tiendas Fnac (atenci\u00f3n a la linterna de Lego que pod\u00e9is ver debajo de estas l\u00edneas) o Media Markt.<\/span><\/p>\n<p><a href=\"\/-que-le-compro-\/wp-content\/uploads\/sites\/19\/2013\/03\/papa-lego-linterna.jpg\"><img loading=\"lazy\" class=\"aligncenter size-full wp-image-1805\" title=\"Linterna de Lego\" src=\"\/-que-le-compro-\/wp-content\/uploads\/sites\/19\/2013\/03\/papa-lego-linterna.jpg\" alt=\"Linterna de Lego\" width=\"450\" height=\"560\" srcset=\"https:\/\/static-blogs.diariosur.es\/wp-content\/uploads\/sites\/19\/2013\/03\/papa-lego-linterna.jpg 450w, https:\/\/static-blogs.diariosur.es\/wp-content\/uploads\/sites\/19\/2013\/03\/papa-lego-linterna-241x300.jpg 241w\" sizes=\"(max-width: 450px) 100vw, 450px\" \/><\/a><\/p>\n<p>Si le gustan las camisetas, hay much\u00edsimas donde elegir, pero por original tomad nota de esta de <a href=\"http:\/\/viniloo.com\/tienda\/camiseta-keep-calm-email\" rel=\"external nofollow\">Viniloo.com:<\/a><\/p>\n<p>&nbsp;<\/p>\n<p style=\"text-align: center;\"><a href=\"\/-que-le-compro-\/wp-content\/uploads\/sites\/19\/2013\/03\/papa-camiseta-mail.jpg\"><img loading=\"lazy\" class=\"aligncenter size-full wp-image-1803\" title=\"Camiseta para los e-mail adictos\" src=\"\/-que-le-compro-\/wp-content\/uploads\/sites\/19\/2013\/03\/papa-camiseta-mail.jpg\" alt=\"Camiseta para los e-mail adictos\" width=\"450\" height=\"450\" srcset=\"https:\/\/static-blogs.diariosur.es\/wp-content\/uploads\/sites\/19\/2013\/03\/papa-camiseta-mail.jpg 450w, https:\/\/static-blogs.diariosur.es\/wp-content\/uploads\/sites\/19\/2013\/03\/papa-camiseta-mail-150x150.jpg 150w, https:\/\/static-blogs.diariosur.es\/wp-content\/uploads\/sites\/19\/2013\/03\/papa-camiseta-mail-300x300.jpg 300w\" sizes=\"(max-width: 450px) 100vw, 450px\" \/><\/a><\/p>\n<p><span style=\"color: #333399;\">Y para los que no lo tienen muy claro o prefieren que sea \u00e9l quien elija, nada mejor que la caja <strong>Wonderbox<\/strong> I love Pap\u00e1, que ofrece ni m\u00e1s ni menos que 1.260 posibilidades por 49.50 euros. \u00a1Con tantas opciones, acertar\u00e9is seguro!<\/span><\/p>\n<p>&nbsp;<\/p>\n<p><span style=\"color: #333399;\"><strong>PROMOCIONES EN CENTROS COMERCIALES<\/strong><\/span><\/p>\n<p><span style=\"color: #333399;\">C\u00f3mo no, el 19 de marzo se celebra tambi\u00e9n de forma especial en los centros comerciales. Por ejemplo, en el <strong>Rosaleda<\/strong> (M\u00e1laga capital) han organizado dos actividades estos d\u00edas. Por un lado, un taller de dibujo en el que se ense\u00f1ar\u00e1 a ni\u00f1os y padres las t\u00e9cnicas b\u00e1sicas para dibujar personajes y caricaturizarlos. De 17 a 20 horas este lunes y martes. Y adem\u00e1s, presentando un ticket de compra superior a diez euros, se obtendr\u00e1 gratis una caricatura de padres e hijos realizada por un dibujante profesional.<\/span><\/p>\n<p><script type=\"text\/javascript\">var addthis_config = {\"data_track_clickback\":true,\"data_track_addressbar\":false,\"data_track_textcopy\":false,\"ui_atversion\":\"300\"}; var addthis_product = 'wpp-3.0.2';<\/script><script type=\"text\/javascript\" src=\"\/\/s7.addthis.com\/js\/300\/addthis_widget.js#pubid=ra-50fc27702fb34fca\"><\/script><\/p>\n<p><span style=\"color: #333399;\">Paralelamente, \u00a0<strong>El\u00a0Ingenio<\/strong> (V\u00e9lez-M\u00e1laga) por cada 15 euros de compra te obsequiar\u00e1n con una foto impresa en su photocall de La guerra de las galaxias. De 18 a 21 horas.<\/span><\/p>\n<p><span style=\"color: #333399;\">\u00a0<\/span><span style=\"color: #333399;\">\u00a1\u00a1FELICIDADES A TODOS LOS PADRES, PEPES Y PEPAS!!<\/span><\/p>\n","protected":false},"excerpt":{"rendered":"<p>&nbsp; Llega el 19 de marzo, festividad de San Jos\u00e9 y D\u00eda del Padre. As\u00ed que son muuchos los que en esta fecha reciben un regalo. Si est\u00e1is pensando en ideas originales y no demasiado caras, aqu\u00ed van una serie de recomendaciones. Para los deportistas, nada como visitar las tiendas Decathlon, que tienen todos los [&hellip;]<\/p>\n","protected":false},"author":24,"featured_media":0,"comment_status":"open","ping_status":"closed","sticky":false,"template":"","format":"standard","meta":[],"categories":[2,6,7],"tags":[41,692,703,1661,3183,3204,3210,3306,3928],"_links":{"self":[{"href":"https:\/\/blogs.diariosur.es\/-que-le-compro-\/wp-json\/wp\/v2\/posts\/1801"}],"collection":[{"href":"https:\/\/blogs.diariosur.es\/-que-le-compro-\/wp-json\/wp\/v2\/posts"}],"about":[{"href":"https:\/\/blogs.diariosur.es\/-que-le-compro-\/wp-json\/wp\/v2\/types\/post"}],"author":[{"embeddable":true,"href":"https:\/\/blogs.diariosur.es\/-que-le-compro-\/wp-json\/wp\/v2\/users\/24"}],"replies":[{"embeddable":true,"href":"https:\/\/blogs.diariosur.es\/-que-le-compro-\/wp-json\/wp\/v2\/comments?post=1801"}],"version-history":[{"count":0,"href":"https:\/\/blogs.diariosur.es\/-que-le-compro-\/wp-json\/wp\/v2\/posts\/1801\/revisions"}],"wp:attachment":[{"href":"https:\/\/blogs.diariosur.es\/-que-le-compro-\/wp-json\/wp\/v2\/media?parent=1801"}],"wp:term":[{"taxonomy":"category","embeddable":true,"href":"https:\/\/blogs.diariosur.es\/-que-le-compro-\/wp-json\/wp\/v2\/categories?post=1801"},{"taxonomy":"post_tag","embeddable":true,"href":"https:\/\/blogs.diariosur.es\/-que-le-compro-\/wp-json\/wp\/v2\/tags?post=1801"}],"curies":[{"name":"wp","href":"https:\/\/api.w.org\/{rel}","templated":true}]}}