{"id":1807,"date":"2013-03-20T09:02:23","date_gmt":"2013-03-20T08:02:23","guid":{"rendered":"http:\/\/blogs.diariosur.es\/-que-le-compro-\/?p=1807"},"modified":"2013-03-20T09:02:23","modified_gmt":"2013-03-20T08:02:23","slug":"nuevas-tiendas-de-firmas-espanolas-en-el-extranjero","status":"publish","type":"post","link":"https:\/\/blogs.diariosur.es\/-que-le-compro-\/2013\/03\/20\/nuevas-tiendas-de-firmas-espanolas-en-el-extranjero\/","title":{"rendered":"Nuevas tiendas de firmas espa\u00f1olas en el extranjero"},"content":{"rendered":"<p><span style=\"color: #333399;\">Las firmas de moda espa\u00f1ola pisan fuerte. Para este 2013 son varias las marcas que van a abrir tiendas pro primera vez en distintos puntos del extranjero o que van a reforzar su presencia. Por ejemplo, <strong>Desigual<\/strong> aterrizar\u00e1 en Letonia y Lituania esta primavera, donde abrir\u00e1 diez establecimientos, ampliando as\u00ed su lista de pa\u00edses 70 en los que cuenta con tiendas propias.\u00a0<\/span><\/p>\n<p><span style=\"color: #333399;\">Adem\u00e1s, la dise\u00f1adora de novias <strong>Rosa Clar\u00e1<\/strong> se estrena en el mercado norteamericano por todo lo alto: abrir\u00e1 su primera tienda, su desfile clausurar\u00e1 la Miami Fashion Week y recibir\u00e1 el Premio a la Mejor Dise\u00f1adora de Novias del A\u00f1o. El pr\u00f3ximo viernes, d\u00eda 22, la creadora inaugurar\u00e1 su primera tienda en un espacio de m\u00e1s de 350 metros cuadrados situado en el lujoso barrio de Coral Gable de Miami, con un evento que reunir\u00e1 a numerosas celebridades nacionales e internacionales. Al d\u00eda siguiente, seg\u00fan informa la agencia Efe, \u00a0presentar\u00e1 un avance de su colecci\u00f3n de novias 2014 en el Miami Beach Convencion Center, con un desfile de clausura de la Semana de la Moda de Miami, en donde se le otorgar\u00e1 el Premio a la Dise\u00f1adora de Novias del A\u00f1o. <\/span><\/p>\n<p><span style=\"color: #333399;\">Por si fuera poco, la empresa inaugurar\u00e1 este a\u00f1o tiendas exclusivas en Riyadh, Medina, Meca, Guadalajara, Veracruz, Monterrey, Dubai, Abu Dhabi, Lima, Santiago de Chile y Caracas. En la actualidad, Rosa Clar\u00e1 cuenta con 140 tiendas y m\u00e1s de 3.500 puntos de venta multimarca en 60 pa\u00edses.<\/span><\/p>\n<p><span style=\"color: #333399;\">Y la lista de empresas con grandes expectativas para este 2013 contin\u00faa. \u00a0<strong>Tous<\/strong> prev\u00e9 abrir este a\u00f1o 40 locales entre propios y franquicias, con lo que superar\u00e1 los 450 puntos de venta en todo el mundo y podr\u00eda volver a estar en China, donde ultiman la b\u00fasqueda de un socio local.<\/span><\/p>\n<p><script type=\"text\/javascript\">var addthis_config = {\"data_track_clickback\":true,\"data_track_addressbar\":false,\"data_track_textcopy\":false,\"ui_atversion\":\"300\"}; var addthis_product = 'wpp-3.0.2';<\/script><script type=\"text\/javascript\" src=\"\/\/s7.addthis.com\/js\/300\/addthis_widget.js#pubid=ra-50fc27702fb34fca\"><\/script><\/p>\n<p><span style=\"color: #333399;\">Paralelamente,\u00a0<strong>Bimba &#038; Lola<\/strong> prev\u00e9 ampliar su expansi\u00f3n internacional consolidando su imagen en los 17 pa\u00edses en los que est\u00e1 presente y cuenta con llevar a cabo m\u00e1s aperturas en Europa, Latinoam\u00e9rica, Asia y Oriente Medio.\u00a0<\/span><\/p>\n<p>&nbsp;<\/p>\n","protected":false},"excerpt":{"rendered":"<p>Las firmas de moda espa\u00f1ola pisan fuerte. Para este 2013 son varias las marcas que van a abrir tiendas pro primera vez en distintos puntos del extranjero o que van a reforzar su presencia. Por ejemplo, Desigual aterrizar\u00e1 en Letonia y Lituania esta primavera, donde abrir\u00e1 diez establecimientos, ampliando as\u00ed su lista de pa\u00edses 70 [&hellip;]<\/p>\n","protected":false},"author":24,"featured_media":0,"comment_status":"open","ping_status":"closed","sticky":false,"template":"","format":"standard","meta":[],"categories":[6,7],"tags":[431,1086,2502,2680,3274,3781],"_links":{"self":[{"href":"https:\/\/blogs.diariosur.es\/-que-le-compro-\/wp-json\/wp\/v2\/posts\/1807"}],"collection":[{"href":"https:\/\/blogs.diariosur.es\/-que-le-compro-\/wp-json\/wp\/v2\/posts"}],"about":[{"href":"https:\/\/blogs.diariosur.es\/-que-le-compro-\/wp-json\/wp\/v2\/types\/post"}],"author":[{"embeddable":true,"href":"https:\/\/blogs.diariosur.es\/-que-le-compro-\/wp-json\/wp\/v2\/users\/24"}],"replies":[{"embeddable":true,"href":"https:\/\/blogs.diariosur.es\/-que-le-compro-\/wp-json\/wp\/v2\/comments?post=1807"}],"version-history":[{"count":0,"href":"https:\/\/blogs.diariosur.es\/-que-le-compro-\/wp-json\/wp\/v2\/posts\/1807\/revisions"}],"wp:attachment":[{"href":"https:\/\/blogs.diariosur.es\/-que-le-compro-\/wp-json\/wp\/v2\/media?parent=1807"}],"wp:term":[{"taxonomy":"category","embeddable":true,"href":"https:\/\/blogs.diariosur.es\/-que-le-compro-\/wp-json\/wp\/v2\/categories?post=1807"},{"taxonomy":"post_tag","embeddable":true,"href":"https:\/\/blogs.diariosur.es\/-que-le-compro-\/wp-json\/wp\/v2\/tags?post=1807"}],"curies":[{"name":"wp","href":"https:\/\/api.w.org\/{rel}","templated":true}]}}