{"id":1809,"date":"2013-03-20T19:45:42","date_gmt":"2013-03-20T18:45:42","guid":{"rendered":"http:\/\/blogs.diariosur.es\/-que-le-compro-\/?p=1809"},"modified":"2013-03-20T19:45:42","modified_gmt":"2013-03-20T18:45:42","slug":"ii-fashion-week-vialia-malaga-se-un-top-model-con-premio-para-compras","status":"publish","type":"post","link":"https:\/\/blogs.diariosur.es\/-que-le-compro-\/2013\/03\/20\/ii-fashion-week-vialia-malaga-se-un-top-model-con-premio-para-compras\/","title":{"rendered":"II Fashion Week Vialia M\u00e1laga, convi\u00e9rtete en top model \u00a1con premios!"},"content":{"rendered":"<p><img loading=\"lazy\" class=\"size-full wp-image-1810\" title=\"II Fashion Week en Vialia M\u00e1laga, inscripciones hasta el 19  de abril\" src=\"\/-que-le-compro-\/wp-content\/uploads\/sites\/19\/2013\/03\/vialia-fashion-week.jpg\" alt=\"II Fashion Week en Vialia M\u00e1laga, inscripciones hasta el 19  de abril\" width=\"500\" height=\"600\" srcset=\"https:\/\/static-blogs.diariosur.es\/wp-content\/uploads\/sites\/19\/2013\/03\/vialia-fashion-week.jpg 500w, https:\/\/static-blogs.diariosur.es\/wp-content\/uploads\/sites\/19\/2013\/03\/vialia-fashion-week-250x300.jpg 250w\" sizes=\"(max-width: 500px) 100vw, 500px\" \/><\/p>\n<p><span style=\"color: #333399;\">\u00bfTe gustar\u00eda desfilar por una pasarela pero nunca te has atrevido o no has podido? Pues ahora tienes una oportunidad en el centro comercial <strong>Vialia M\u00e1laga<\/strong>-Estaci\u00f3n Mar\u00eda Zambrano, que celebra su <strong>II Fashion Week<\/strong>. Y abre el plazo de inscripci\u00f3n para que todos los interesad@s se apunten y opten a ser el top model del centro.<\/span><\/p>\n<p><span style=\"color: #333399;\"> La iniciativa est\u00e1 abierta tanto a ni\u00f1os (de 5 a 10 a\u00f1os) como a j\u00f3venes de 10 a 25, y solo es necesario entregar la solicitud en el stand de moda ubicado en la planta alta. De 17 a 21 horas, <span style=\"text-decoration: underline;\">hasta el pr\u00f3ximo 19 \u00a0de abril. <\/span>\u00a0Que no os d\u00e9 verg\u00fcenza porque no pueden apuntarse profesionales, as\u00ed todos los que participen ser\u00e1n novatos (o casi) en este mundillo.<\/span><\/p>\n<p><span style=\"color: #333399;\">Para los ganadores <strong>\u00a0infantiles habr\u00e1 cuatro premios: un vale de 100 euros a gastar<\/strong> en las tiendas de Vialia, mientras que para los adultos habr\u00e1 un premio para el chico elegido y otro para la chica seleccionada y \u00a0la cifra ascender\u00e1 a <strong>200 euros.<\/strong><\/span><\/p>\n<p><span style=\"color: #333399;\">Los desfiles finales ser\u00e1n los d\u00edas 25 y 26 de abril (18 y 20 horas) \u00a0en los que podr\u00e1n participar las tiendas del centro que as\u00ed lo deseen y culminar\u00e1 con desfiles de\u00a0<strong>La Gioconda Novias, R\u00edo de la Plata, Melisa Lozano, Gema\u00a0Mele y Jes\u00fas Segado<\/strong>. Precisamente estos son los dise\u00f1adores protagonistas de una exposici\u00f3n de Trajes de Alta Costura que puede visitarse en el centro hasta el 19 de abril. Aqu\u00ed pod\u00e9is ver algunas fotos de esta exclusiva muestra:<\/span><\/p>\n<p><img loading=\"lazy\" class=\"size-full wp-image-1813\" title=\"Exposici\u00f3n de Trajes de Alta Costura en Vialia, hasta el 19 de abril\" src=\"\/-que-le-compro-\/wp-content\/uploads\/sites\/19\/2013\/03\/vialia-vista.jpg\" alt=\"Exposici\u00f3n de Trajes de Alta Costura en Vialia, hasta el 19 de abril\" width=\"550\" height=\"413\" srcset=\"https:\/\/static-blogs.diariosur.es\/wp-content\/uploads\/sites\/19\/2013\/03\/vialia-vista.jpg 550w, https:\/\/static-blogs.diariosur.es\/wp-content\/uploads\/sites\/19\/2013\/03\/vialia-vista-300x225.jpg 300w\" sizes=\"(max-width: 550px) 100vw, 550px\" \/><\/a><\/p>\n<p><img loading=\"lazy\" class=\"size-full wp-image-1815\" title=\"Exposici\u00f3n de Trajes de Alta Costura en Vialia, hasta el 19 de abril\" src=\"\/-que-le-compro-\/wp-content\/uploads\/sites\/19\/2013\/03\/vialia-vista2.jpg\" alt=\"Exposici\u00f3n de Trajes de Alta Costura en Vialia, hasta el 19 de abril\" width=\"500\" height=\"375\" srcset=\"https:\/\/static-blogs.diariosur.es\/wp-content\/uploads\/sites\/19\/2013\/03\/vialia-vista2.jpg 500w, https:\/\/static-blogs.diariosur.es\/wp-content\/uploads\/sites\/19\/2013\/03\/vialia-vista2-300x225.jpg 300w\" sizes=\"(max-width: 500px) 100vw, 500px\" \/><\/a><\/p>\n<p><a href=\"\/-que-le-compro-\/wp-content\/uploads\/sites\/19\/2013\/03\/vialia-novia.jpg\"><img loading=\"lazy\" class=\"size-full wp-image-1816\" title=\"Exposici\u00f3n de Trajes de Alta Costura en Vialia, hasta el 19 de abril\" src=\"\/-que-le-compro-\/wp-content\/uploads\/sites\/19\/2013\/03\/vialia-novia.jpg\" alt=\"Exposici\u00f3n de Trajes de Alta Costura en Vialia, hasta el 19 de abril\" width=\"480\" height=\"640\" srcset=\"https:\/\/static-blogs.diariosur.es\/wp-content\/uploads\/sites\/19\/2013\/03\/vialia-novia.jpg 480w, https:\/\/static-blogs.diariosur.es\/wp-content\/uploads\/sites\/19\/2013\/03\/vialia-novia-225x300.jpg 225w\" sizes=\"(max-width: 480px) 100vw, 480px\" \/><\/a><\/p>\n<p><script type=\"text\/javascript\">var addthis_config = {\"data_track_clickback\":true,\"data_track_addressbar\":false,\"data_track_textcopy\":false,\"ui_atversion\":\"300\"}; var addthis_product = 'wpp-3.0.2';<\/script><script type=\"text\/javascript\" src=\"\/\/s7.addthis.com\/js\/300\/addthis_widget.js#pubid=ra-50fc27702fb34fca\"><\/script><br \/>\n&nbsp;<\/p>\n<p><span style=\"color: #333399;\">\u00bfOs anim\u00e1is a participar? \u00a1Suerte!<\/span><\/p>\n","protected":false},"excerpt":{"rendered":"<p>\u00bfTe gustar\u00eda desfilar por una pasarela pero nunca te has atrevido o no has podido? Pues ahora tienes una oportunidad en el centro comercial Vialia M\u00e1laga-Estaci\u00f3n Mar\u00eda Zambrano, que celebra su II Fashion Week. Y abre el plazo de inscripci\u00f3n para que todos los interesad@s se apunten y opten a ser el top model del [&hellip;]<\/p>\n","protected":false},"author":24,"featured_media":0,"comment_status":"open","ping_status":"closed","sticky":false,"template":"","format":"standard","meta":[],"categories":[2,7],"tags":[1538,1759,1870,2160,2523,3246,3875,3876],"_links":{"self":[{"href":"https:\/\/blogs.diariosur.es\/-que-le-compro-\/wp-json\/wp\/v2\/posts\/1809"}],"collection":[{"href":"https:\/\/blogs.diariosur.es\/-que-le-compro-\/wp-json\/wp\/v2\/posts"}],"about":[{"href":"https:\/\/blogs.diariosur.es\/-que-le-compro-\/wp-json\/wp\/v2\/types\/post"}],"author":[{"embeddable":true,"href":"https:\/\/blogs.diariosur.es\/-que-le-compro-\/wp-json\/wp\/v2\/users\/24"}],"replies":[{"embeddable":true,"href":"https:\/\/blogs.diariosur.es\/-que-le-compro-\/wp-json\/wp\/v2\/comments?post=1809"}],"version-history":[{"count":0,"href":"https:\/\/blogs.diariosur.es\/-que-le-compro-\/wp-json\/wp\/v2\/posts\/1809\/revisions"}],"wp:attachment":[{"href":"https:\/\/blogs.diariosur.es\/-que-le-compro-\/wp-json\/wp\/v2\/media?parent=1809"}],"wp:term":[{"taxonomy":"category","embeddable":true,"href":"https:\/\/blogs.diariosur.es\/-que-le-compro-\/wp-json\/wp\/v2\/categories?post=1809"},{"taxonomy":"post_tag","embeddable":true,"href":"https:\/\/blogs.diariosur.es\/-que-le-compro-\/wp-json\/wp\/v2\/tags?post=1809"}],"curies":[{"name":"wp","href":"https:\/\/api.w.org\/{rel}","templated":true}]}}