{"id":1817,"date":"2013-03-25T11:06:16","date_gmt":"2013-03-25T10:06:16","guid":{"rendered":"http:\/\/blogs.diariosur.es\/-que-le-compro-\/?p=1817"},"modified":"2013-03-25T11:06:16","modified_gmt":"2013-03-25T10:06:16","slug":"mercadillos-en-muelle-uno-y-taller-infantil-gratis-en-semana-santa","status":"publish","type":"post","link":"https:\/\/blogs.diariosur.es\/-que-le-compro-\/2013\/03\/25\/mercadillos-en-muelle-uno-y-taller-infantil-gratis-en-semana-santa\/","title":{"rendered":"Mercadillos en Muelle Uno y taller gratis de cometas en Semana Santa"},"content":{"rendered":"<p><span style=\"color: #333399;\">Por si hay alg\u00fan despistado que creyera que en Semana Santa no hay mercadillos en M\u00e1laga, que sepa que ocurre todo lo contrario. Porque por ejemplo, la <strong>asociaci\u00f3n {re} Uni\u00f3n de Creadores<\/strong> organiza para estos d\u00edas una edici\u00f3n especial de su muestra artesanal, que habitualmente se celebra los domingos por la ma\u00f1ana en el Muelle Uno. As\u00ed que podr\u00e9is disfrutar del trabajo de estos dise\u00f1adores <span style=\"text-decoration: underline;\">de once de la ma\u00f1ana a seis de la tarde todos los d\u00edas,<\/span> incluidos Jueves y Viernes Santo.<\/span><\/p>\n<p><span style=\"color: #333399;\">Adem\u00e1s, este <strong>mi\u00e9rcoles 27 habr\u00e1 un taller de cometas gratis<\/strong> para ni\u00f1os de 6 a 12 a\u00f1os que tendr\u00e1 lugar de 12 a 14 horas en la plaza principal de este mercadillo.\u00a0<\/span><\/p>\n<p><img loading=\"lazy\" class=\"aligncenter size-full wp-image-1830\" title=\"Taller gratuito de cometas con El Taller de Ana\" src=\"\/-que-le-compro-\/wp-content\/uploads\/sites\/19\/2013\/03\/cometas1.jpg\" alt=\"Taller gratuito de cometas con El Taller de Ana\" width=\"450\" height=\"476\" srcset=\"https:\/\/static-blogs.diariosur.es\/wp-content\/uploads\/sites\/19\/2013\/03\/cometas1.jpg 450w, https:\/\/static-blogs.diariosur.es\/wp-content\/uploads\/sites\/19\/2013\/03\/cometas1-284x300.jpg 284w\" sizes=\"(max-width: 450px) 100vw, 450px\" \/><\/p>\n<p><span style=\"color: #333399;\">Sin movernos de Muelle Uno, la lista contin\u00faa. Porque hasta el pr\u00f3ximo 2 de abril este espacio del Puerto acoge el <strong>II Mercado Artesanal Al \u00c1ndalus<\/strong>, de 10 de la ma\u00f1ana a diez de la noche, donde se dar\u00e1n cita m\u00e1s dise\u00f1adores y creadores. Ademas, cada d\u00eda habr\u00e1 talleres y demostraciones en directo del trabajo que realizan.\u00a0<\/span><\/p>\n<p><span style=\"color: #333399;\">Y el domingo 31, el de Resurrecci\u00f3n, estaba prevista una edici\u00f3n especial del <strong>Zoco de Muelle Uno<\/strong> de once de la ma\u00f1ana a seis de la tarde con moda, complementos, art\u00edculos gourmet y de decoraci\u00f3n, entre otros, pero se ha cancelado por el riesgo de lluvia as\u00ed que se desarrollar\u00e1, si el tiempo no lo impide, el pr\u00f3ximo 14 de abril.<\/span><\/p>\n<p><script type=\"text\/javascript\">var addthis_config = {\"data_track_clickback\":true,\"data_track_addressbar\":false,\"data_track_textcopy\":false,\"ui_atversion\":\"300\"}; var addthis_product = 'wpp-3.0.2';<\/script><script type=\"text\/javascript\" src=\"\/\/s7.addthis.com\/js\/300\/addthis_widget.js#pubid=ra-50fc27702fb34fca\"><\/script><\/p>\n<p><img loading=\"lazy\" class=\"size-full wp-image-1818  aligncenter\" title=\"Actividades de Muelle Uno en Semana Santa\" src=\"\/-que-le-compro-\/wp-content\/uploads\/sites\/19\/2013\/03\/muelle-uno.jpg\" alt=\"Actividades de Muelle Uno en Semana Santa\" width=\"450\" height=\"621\" srcset=\"https:\/\/static-blogs.diariosur.es\/wp-content\/uploads\/sites\/19\/2013\/03\/muelle-uno.jpg 450w, https:\/\/static-blogs.diariosur.es\/wp-content\/uploads\/sites\/19\/2013\/03\/muelle-uno-217x300.jpg 217w\" sizes=\"(max-width: 450px) 100vw, 450px\" \/><span style=\"color: #000080;\">Actividades de Muelle Uno en Semana Santa<\/span><\/p>\n<p>&nbsp;<\/p>\n","protected":false},"excerpt":{"rendered":"<p>Por si hay alg\u00fan despistado que creyera que en Semana Santa no hay mercadillos en M\u00e1laga, que sepa que ocurre todo lo contrario. Porque por ejemplo, la asociaci\u00f3n {re} Uni\u00f3n de Creadores organiza para estos d\u00edas una edici\u00f3n especial de su muestra artesanal, que habitualmente se celebra los domingos por la ma\u00f1ana en el Muelle [&hellip;]<\/p>\n","protected":false},"author":24,"featured_media":0,"comment_status":"open","ping_status":"closed","sticky":false,"template":"","format":"standard","meta":[],"categories":[4,6],"tags":[318,2388,2559,3062,3529,3696,3968],"_links":{"self":[{"href":"https:\/\/blogs.diariosur.es\/-que-le-compro-\/wp-json\/wp\/v2\/posts\/1817"}],"collection":[{"href":"https:\/\/blogs.diariosur.es\/-que-le-compro-\/wp-json\/wp\/v2\/posts"}],"about":[{"href":"https:\/\/blogs.diariosur.es\/-que-le-compro-\/wp-json\/wp\/v2\/types\/post"}],"author":[{"embeddable":true,"href":"https:\/\/blogs.diariosur.es\/-que-le-compro-\/wp-json\/wp\/v2\/users\/24"}],"replies":[{"embeddable":true,"href":"https:\/\/blogs.diariosur.es\/-que-le-compro-\/wp-json\/wp\/v2\/comments?post=1817"}],"version-history":[{"count":0,"href":"https:\/\/blogs.diariosur.es\/-que-le-compro-\/wp-json\/wp\/v2\/posts\/1817\/revisions"}],"wp:attachment":[{"href":"https:\/\/blogs.diariosur.es\/-que-le-compro-\/wp-json\/wp\/v2\/media?parent=1817"}],"wp:term":[{"taxonomy":"category","embeddable":true,"href":"https:\/\/blogs.diariosur.es\/-que-le-compro-\/wp-json\/wp\/v2\/categories?post=1817"},{"taxonomy":"post_tag","embeddable":true,"href":"https:\/\/blogs.diariosur.es\/-que-le-compro-\/wp-json\/wp\/v2\/tags?post=1817"}],"curies":[{"name":"wp","href":"https:\/\/api.w.org\/{rel}","templated":true}]}}