{"id":1821,"date":"2013-03-22T09:20:06","date_gmt":"2013-03-22T08:20:06","guid":{"rendered":"http:\/\/blogs.diariosur.es\/-que-le-compro-\/?p=1821"},"modified":"2013-03-22T09:20:06","modified_gmt":"2013-03-22T08:20:06","slug":"mercadillos-de-este-fin-de-semana-banos-del-carmen-y-ecologico-en-parque-huelin","status":"publish","type":"post","link":"https:\/\/blogs.diariosur.es\/-que-le-compro-\/2013\/03\/22\/mercadillos-de-este-fin-de-semana-banos-del-carmen-y-ecologico-en-parque-huelin\/","title":{"rendered":"Mercadillos de este fin de semana: Ba\u00f1os del Carmen y ecol\u00f3gico en Parque Huelin"},"content":{"rendered":"<p><span style=\"color: #333399;\">Tomad nota para este fin de semana, porque si la lluvia lo permite de nuevo se intentar\u00e1 celebrar los mercadillos que en las \u00faltimas semanas han tenido que quedar aplazados por la meteorolog\u00eda en M\u00e1laga capital.<\/span><\/p>\n<p><span style=\"color: #333399;\">As\u00ed que <span style=\"font-size: medium;\">este domingo e<\/span>l <strong>mercadillo Ba\u00f1os del Carmen<\/strong> tratar\u00e1 de celebrar su tres a\u00f1os de vida en el Paseo Mar\u00edtimo de El Palo, ya sab\u00e9is, mientras que en <strong>Muelle Uno<\/strong> tendr\u00e1 lugar la edici\u00f3n mensual de marzo, retrasada tambi\u00e9n por el mal tiempo.\u00a0<\/span><\/p>\n<p><span style=\"color: #333399;\">Y para <span style=\"font-size: medium;\">este s\u00e1bado<\/span> los productos de la huerta acuden a su cita -el cuarto s\u00e1bado de cada mes- en el <strong>Parque Huelin<\/strong> de la mano de la asociaci\u00f3n Guadalhorce Ecol\u00f3gico.<\/span><\/p>\n<p><span style=\"color: #333399;\">\u00a1Buen fin de semana!<\/span><\/p>\n<p>&nbsp;<\/p>\n<p><span style=\"color: #333399;\">(((<span style=\"text-decoration: underline;\">ATENCI\u00d3N<\/span>: LA MUESTRA\u00a0<strong>CRAFTSMA EN RINC\u00d3N DE LA VICTORIA<\/strong> REVISTO PARA ESTE S\u00c1BADO HA QUEDDO SUSPENDIDO POR LA PREVISI\u00d3N DE LLUVIA, CUANDO SEPA LA NUEVA FECHA DE CELEBRACI\u00d3N OS AVISAR\u00c9))<\/span><\/p>\n","protected":false},"excerpt":{"rendered":"<p>Tomad nota para este fin de semana, porque si la lluvia lo permite de nuevo se intentar\u00e1 celebrar los mercadillos que en las \u00faltimas semanas han tenido que quedar aplazados por la meteorolog\u00eda en M\u00e1laga capital. As\u00ed que este domingo el mercadillo Ba\u00f1os del Carmen tratar\u00e1 de celebrar su tres a\u00f1os de vida en el [&hellip;]<\/p>\n","protected":false},"author":24,"featured_media":0,"comment_status":"open","ping_status":"closed","sticky":false,"template":"","format":"standard","meta":[],"categories":[4,6],"tags":[935,942,1584,2181,2224,2268,2559],"_links":{"self":[{"href":"https:\/\/blogs.diariosur.es\/-que-le-compro-\/wp-json\/wp\/v2\/posts\/1821"}],"collection":[{"href":"https:\/\/blogs.diariosur.es\/-que-le-compro-\/wp-json\/wp\/v2\/posts"}],"about":[{"href":"https:\/\/blogs.diariosur.es\/-que-le-compro-\/wp-json\/wp\/v2\/types\/post"}],"author":[{"embeddable":true,"href":"https:\/\/blogs.diariosur.es\/-que-le-compro-\/wp-json\/wp\/v2\/users\/24"}],"replies":[{"embeddable":true,"href":"https:\/\/blogs.diariosur.es\/-que-le-compro-\/wp-json\/wp\/v2\/comments?post=1821"}],"version-history":[{"count":0,"href":"https:\/\/blogs.diariosur.es\/-que-le-compro-\/wp-json\/wp\/v2\/posts\/1821\/revisions"}],"wp:attachment":[{"href":"https:\/\/blogs.diariosur.es\/-que-le-compro-\/wp-json\/wp\/v2\/media?parent=1821"}],"wp:term":[{"taxonomy":"category","embeddable":true,"href":"https:\/\/blogs.diariosur.es\/-que-le-compro-\/wp-json\/wp\/v2\/categories?post=1821"},{"taxonomy":"post_tag","embeddable":true,"href":"https:\/\/blogs.diariosur.es\/-que-le-compro-\/wp-json\/wp\/v2\/tags?post=1821"}],"curies":[{"name":"wp","href":"https:\/\/api.w.org\/{rel}","templated":true}]}}