{"id":1822,"date":"2013-03-23T12:29:19","date_gmt":"2013-03-23T11:29:19","guid":{"rendered":"http:\/\/blogs.diariosur.es\/-que-le-compro-\/?p=1822"},"modified":"2013-03-23T12:29:19","modified_gmt":"2013-03-23T11:29:19","slug":"fotos-del-mercadillo-ecologico-en-parque-huelin","status":"publish","type":"post","link":"https:\/\/blogs.diariosur.es\/-que-le-compro-\/2013\/03\/23\/fotos-del-mercadillo-ecologico-en-parque-huelin\/","title":{"rendered":"Fotos del mercadillo ecol\u00f3gico en Parque Huelin"},"content":{"rendered":"<p><span style=\"color: #333399;\">\u00a0Desafiando a la lluvia, la asociaci\u00f3n Guadalhorce Ecol\u00f3gico no ha faltado a su cita en el Parque Huelin para ofrecer productos de la huerta junto a quesos, mieles y otros art\u00edculos frescos sin intermediarios. Aqu\u00ed pod\u00e9is ver algunas fotos de c\u00f3mo ha sido la jornada.<\/span><\/p>\n<p><span style=\"color: #333399;\">La pr\u00f3xima convocatoria ser\u00e1 el pr\u00f3ximo domingo en La Cala de Mijas y ya en M\u00e1laga capital en abril, cuando se desarrollar\u00e1 el segundo mercadillo en La Malagueta.<\/span><\/p>\n<p>&nbsp;<\/p>\n<p><img loading=\"lazy\" class=\"aligncenter size-full wp-image-1825\" title=\"Mercadillo ecol\u00f3gico Parque Huelin, 23 de marzo\" src=\"\/-que-le-compro-\/wp-content\/uploads\/sites\/19\/2013\/03\/mercadillo3.jpg\" alt=\"Mercadillo ecol\u00f3gico Parque Huelin, 23 de marzo\" width=\"550\" height=\"413\" srcset=\"https:\/\/static-blogs.diariosur.es\/wp-content\/uploads\/sites\/19\/2013\/03\/mercadillo3.jpg 550w, https:\/\/static-blogs.diariosur.es\/wp-content\/uploads\/sites\/19\/2013\/03\/mercadillo3-300x225.jpg 300w\" sizes=\"(max-width: 550px) 100vw, 550px\" \/><\/p>\n<p>&nbsp;<\/p>\n<p><img loading=\"lazy\" class=\"aligncenter size-full wp-image-1826\" title=\"Mercadillo ecol\u00f3gico Parque Huelin, 23 de marzo\" src=\"\/-que-le-compro-\/wp-content\/uploads\/sites\/19\/2013\/03\/mercadillo11.jpg\" alt=\"Mercadillo ecol\u00f3gico Parque Huelin, 23 de marzo\" width=\"550\" height=\"413\" srcset=\"https:\/\/static-blogs.diariosur.es\/wp-content\/uploads\/sites\/19\/2013\/03\/mercadillo11.jpg 550w, https:\/\/static-blogs.diariosur.es\/wp-content\/uploads\/sites\/19\/2013\/03\/mercadillo11-300x225.jpg 300w\" sizes=\"(max-width: 550px) 100vw, 550px\" \/><\/p>\n<p>&nbsp;<\/p>\n<p><a href=\"\/-que-le-compro-\/wp-content\/uploads\/sites\/19\/2013\/03\/mercadillo41.jpg\"><img loading=\"lazy\" class=\"aligncenter size-full wp-image-1828\" title=\"Mercadillo ecol\u00f3gico en Parque Huelin, 23 de marzo\" src=\"\/-que-le-compro-\/wp-content\/uploads\/sites\/19\/2013\/03\/mercadillo41.jpg\" alt=\"Mercadillo ecol\u00f3gico en Parque Huelin, 23 de marzo\" width=\"550\" height=\"413\" srcset=\"https:\/\/static-blogs.diariosur.es\/wp-content\/uploads\/sites\/19\/2013\/03\/mercadillo41.jpg 550w, https:\/\/static-blogs.diariosur.es\/wp-content\/uploads\/sites\/19\/2013\/03\/mercadillo41-300x225.jpg 300w\" sizes=\"(max-width: 550px) 100vw, 550px\" \/><\/a><\/p>\n<p><script type=\"text\/javascript\">var addthis_config = {\"data_track_clickback\":true,\"data_track_addressbar\":false,\"data_track_textcopy\":false,\"ui_atversion\":\"300\"}; var addthis_product = 'wpp-3.0.2';<\/script><script type=\"text\/javascript\" src=\"\/\/s7.addthis.com\/js\/300\/addthis_widget.js#pubid=ra-50fc27702fb34fca\"><\/script><\/p>\n<p><img loading=\"lazy\" class=\"aligncenter size-full wp-image-1826\" title=\"Mercadillo ecol\u00f3gico Parque Huelin, 23 de marzo\" src=\"\/-que-le-compro-\/wp-content\/uploads\/sites\/19\/2013\/03\/mercadillo2.jpg\" alt=\"Mercadillo ecol\u00f3gico Parque Huelin, 23 de marzo\" width=\"550\" height=\"413\" \/><\/p>\n","protected":false},"excerpt":{"rendered":"<p>\u00a0Desafiando a la lluvia, la asociaci\u00f3n Guadalhorce Ecol\u00f3gico no ha faltado a su cita en el Parque Huelin para ofrecer productos de la huerta junto a quesos, mieles y otros art\u00edculos frescos sin intermediarios. Aqu\u00ed pod\u00e9is ver algunas fotos de c\u00f3mo ha sido la jornada. La pr\u00f3xima convocatoria ser\u00e1 el pr\u00f3ximo domingo en La Cala [&hellip;]<\/p>\n","protected":false},"author":24,"featured_media":0,"comment_status":"open","ping_status":"closed","sticky":false,"template":"","format":"standard","meta":[],"categories":[4],"tags":[311,2224,2832,3835],"_links":{"self":[{"href":"https:\/\/blogs.diariosur.es\/-que-le-compro-\/wp-json\/wp\/v2\/posts\/1822"}],"collection":[{"href":"https:\/\/blogs.diariosur.es\/-que-le-compro-\/wp-json\/wp\/v2\/posts"}],"about":[{"href":"https:\/\/blogs.diariosur.es\/-que-le-compro-\/wp-json\/wp\/v2\/types\/post"}],"author":[{"embeddable":true,"href":"https:\/\/blogs.diariosur.es\/-que-le-compro-\/wp-json\/wp\/v2\/users\/24"}],"replies":[{"embeddable":true,"href":"https:\/\/blogs.diariosur.es\/-que-le-compro-\/wp-json\/wp\/v2\/comments?post=1822"}],"version-history":[{"count":0,"href":"https:\/\/blogs.diariosur.es\/-que-le-compro-\/wp-json\/wp\/v2\/posts\/1822\/revisions"}],"wp:attachment":[{"href":"https:\/\/blogs.diariosur.es\/-que-le-compro-\/wp-json\/wp\/v2\/media?parent=1822"}],"wp:term":[{"taxonomy":"category","embeddable":true,"href":"https:\/\/blogs.diariosur.es\/-que-le-compro-\/wp-json\/wp\/v2\/categories?post=1822"},{"taxonomy":"post_tag","embeddable":true,"href":"https:\/\/blogs.diariosur.es\/-que-le-compro-\/wp-json\/wp\/v2\/tags?post=1822"}],"curies":[{"name":"wp","href":"https:\/\/api.w.org\/{rel}","templated":true}]}}