{"id":1831,"date":"2013-03-27T21:03:30","date_gmt":"2013-03-27T20:03:30","guid":{"rendered":"http:\/\/blogs.diariosur.es\/-que-le-compro-\/?p=1831"},"modified":"2013-03-27T21:03:30","modified_gmt":"2013-03-27T20:03:30","slug":"vuelve-el-mercadillo-de-ropa-usada-de-la-habitacion-de-kate-te-apuntas","status":"publish","type":"post","link":"https:\/\/blogs.diariosur.es\/-que-le-compro-\/2013\/03\/27\/vuelve-el-mercadillo-de-ropa-usada-de-la-habitacion-de-kate-te-apuntas\/","title":{"rendered":"Vuelve el mercadillo de ropa usada de La habitaci\u00f3n de Kate"},"content":{"rendered":"<p><img loading=\"lazy\" class=\"aligncenter size-full wp-image-1832\" title=\"Mercadillo Contigo pan y cebolla, de La habitaci\u00f3n de Kate\" src=\"\/-que-le-compro-\/wp-content\/uploads\/sites\/19\/2013\/03\/cartel-kate.jpg\" alt=\"Mercadillo Contigo pan y cebolla, de La habitaci\u00f3n de Kate\" width=\"450\" height=\"464\" srcset=\"https:\/\/static-blogs.diariosur.es\/wp-content\/uploads\/sites\/19\/2013\/03\/cartel-kate.jpg 450w, https:\/\/static-blogs.diariosur.es\/wp-content\/uploads\/sites\/19\/2013\/03\/cartel-kate-291x300.jpg 291w\" sizes=\"(max-width: 450px) 100vw, 450px\" \/><\/p>\n<p><span style=\"color: #333399;\">Ahora que ha comenzado una nueva estaci\u00f3n seguro que est\u00e1s pensando en darle una vuelta a tu armario. As\u00ed que si quieres desprenderte de ropa que ya no usas y de paso sacarte un dinerito, el <strong>mercadillo Contigo pan y cebolla<\/strong>, puesto en marcha la tienda <strong>La habitaci\u00f3n de Kate<\/strong>, puede ser una gran opci\u00f3n.<\/span><\/p>\n<p><span style=\"color: #333399;\">Vuelve en abril, as\u00ed que si est\u00e1s interesad@ en participar ve preparando tus prendas porque hasta el 29 de marzo reciben \u00a0art\u00edculos, pero despu\u00e9s de esa fecha ya no. Si te gusta la idea, puedes pedir m\u00e1s informaci\u00f3n y\/o enviar fotos de tus prendas\u00a0a su <a href=\"mailto:katebazaar@gmail.com\"><span style=\"color: #333399;\">correo electr\u00f3nico aqu\u00ed<\/span><\/a>.<\/span><\/p>\n<p><span style=\"color: #333399;\">El primer filtro de selecci\u00f3n lo har\u00e1n a trav\u00e9s del e-mail, con lo que no hay ni m\u00ednimo ni m\u00e1ximo. \u00a0 El precio del art\u00edculo se fijar\u00e1 en funci\u00f3n de la marca, el tipo de ropa, el estado en el que est\u00e9, aunque este es el baremo de precios aproximados que tienen en cuenta:<\/span><\/p>\n<p><script type=\"text\/javascript\">var addthis_config = {\"data_track_clickback\":true,\"data_track_addressbar\":false,\"data_track_textcopy\":false,\"ui_atversion\":\"300\"}; var addthis_product = 'wpp-3.0.2';<\/script><script type=\"text\/javascript\" src=\"\/\/s7.addthis.com\/js\/300\/addthis_widget.js#pubid=ra-50fc27702fb34fca\"><\/script><\/p>\n<p><span style=\"color: #333399;\">Vestidos de diario: entre 4-7\u20ac <\/span><br \/>\n<span style=\"color: #333399;\">Camisas: entre 2-4\u20ac <\/span><br \/>\n<span style=\"color: #333399;\">Camisetas: entre 2-4\u20ac\u00a0<\/span><br \/>\n<span style=\"color: #333399;\">Chaquetas: entre 4-8\u20ac <\/span><br \/>\n<span style=\"color: #333399;\">Faldas: entre 3-4\u20ac <\/span><br \/>\n<span style=\"color: #333399;\">Rebecas: entre 3-4\u20ac <\/span><br \/>\n<span style=\"color: #333399;\">Chalecos: entre 2-4\u20ac <\/span><br \/>\n<span style=\"color: #333399;\">Bolsos: entre 2-4\u20ac<\/span><br \/>\n<span style=\"color: #333399;\"> Zapatos: entre 4-7\u20ac<\/span><\/p>\n<p><span style=\"color: #333399;\">\u00bfQu\u00e9, os anim\u00e1is a darle una segunda vida a esa ropa que ya no os pon\u00e9is?<\/span><\/p>\n","protected":false},"excerpt":{"rendered":"<p>Ahora que ha comenzado una nueva estaci\u00f3n seguro que est\u00e1s pensando en darle una vuelta a tu armario. As\u00ed que si quieres desprenderte de ropa que ya no usas y de paso sacarte un dinerito, el mercadillo Contigo pan y cebolla, puesto en marcha la tienda La habitaci\u00f3n de Kate, puede ser una gran opci\u00f3n. [&hellip;]<\/p>\n","protected":false},"author":24,"featured_media":0,"comment_status":"open","ping_status":"closed","sticky":false,"template":"","format":"standard","meta":[],"categories":[4,6],"tags":[906,1823,1878,2216],"_links":{"self":[{"href":"https:\/\/blogs.diariosur.es\/-que-le-compro-\/wp-json\/wp\/v2\/posts\/1831"}],"collection":[{"href":"https:\/\/blogs.diariosur.es\/-que-le-compro-\/wp-json\/wp\/v2\/posts"}],"about":[{"href":"https:\/\/blogs.diariosur.es\/-que-le-compro-\/wp-json\/wp\/v2\/types\/post"}],"author":[{"embeddable":true,"href":"https:\/\/blogs.diariosur.es\/-que-le-compro-\/wp-json\/wp\/v2\/users\/24"}],"replies":[{"embeddable":true,"href":"https:\/\/blogs.diariosur.es\/-que-le-compro-\/wp-json\/wp\/v2\/comments?post=1831"}],"version-history":[{"count":0,"href":"https:\/\/blogs.diariosur.es\/-que-le-compro-\/wp-json\/wp\/v2\/posts\/1831\/revisions"}],"wp:attachment":[{"href":"https:\/\/blogs.diariosur.es\/-que-le-compro-\/wp-json\/wp\/v2\/media?parent=1831"}],"wp:term":[{"taxonomy":"category","embeddable":true,"href":"https:\/\/blogs.diariosur.es\/-que-le-compro-\/wp-json\/wp\/v2\/categories?post=1831"},{"taxonomy":"post_tag","embeddable":true,"href":"https:\/\/blogs.diariosur.es\/-que-le-compro-\/wp-json\/wp\/v2\/tags?post=1831"}],"curies":[{"name":"wp","href":"https:\/\/api.w.org\/{rel}","templated":true}]}}