{"id":1834,"date":"2013-03-29T15:05:39","date_gmt":"2013-03-29T14:05:39","guid":{"rendered":"http:\/\/blogs.diariosur.es\/-que-le-compro-\/?p=1834"},"modified":"2013-03-29T15:05:39","modified_gmt":"2013-03-29T14:05:39","slug":"craftsma-en-rincon-de-la-victoria-y-plaza-de-la-merced","status":"publish","type":"post","link":"https:\/\/blogs.diariosur.es\/-que-le-compro-\/2013\/03\/29\/craftsma-en-rincon-de-la-victoria-y-plaza-de-la-merced\/","title":{"rendered":"Craftsma en Rinc\u00f3n de la Victoria y plaza de la Merced, este fin de semana"},"content":{"rendered":"<p><span style=\"color: #333399;\">Ahora que las procesiones se acaban, aqu\u00ed ten\u00e9is un buen plan para este fin de semana. Si os gustan los complementos hechos a mano (handmade), la artesan\u00eda y los complementos \u00fanicos, este s\u00e1bado y domingo est\u00e1is de suerte, porque Crafts Market M\u00e1laga (Craftsma) se celebra por partida doble.<\/span><\/p>\n<p><span style=\"color: #333399;\">Por un lado, este s\u00e1bado de 10.30 a 17 horas en la plaza Al Andalus, junto al Ayuntamiento de Rinc\u00f3n de la Victoria. Este mercadillo estaba previsto para el pasado d\u00eda 23 pero se cancel\u00f3 por la lluvia, as\u00ed que volver\u00e1n a intentarlo de nuevo. Y al d\u00eda siguiente, Domingo de Resurrecci\u00f3n, pero ya en M\u00e1laga capital, los j\u00f3venes dise\u00f1adores que participan en esta muestra artesanal se reunir\u00e1n en la plaza de la Merced, tambi\u00e9n de 10.30 a 17 horas si el tiempo no lo impide.<\/span><\/p>\n<p><span style=\"color: #333399;\">Ya sab\u00e9is: moda, complementos de distinto tipo, art\u00edculos de decoraci\u00f3n, complementos para beb\u00e9s, tocados para el pelo, calzado&#8230; Es dif\u00edcil salir de Craftsma sin picar en algo, y seguro que sobre todo alabar\u00e9is el trabajo de estos j\u00f3venes creadores.<\/span><\/p>\n<p><script type=\"text\/javascript\">var addthis_config = {\"data_track_clickback\":true,\"data_track_addressbar\":false,\"data_track_textcopy\":false,\"ui_atversion\":\"300\"}; var addthis_product = 'wpp-3.0.2';<\/script><script type=\"text\/javascript\" src=\"\/\/s7.addthis.com\/js\/300\/addthis_widget.js#pubid=ra-50fc27702fb34fca\"><\/script><\/p>\n<div id=\"attachment_1835\" style=\"width: 460px\" class=\"wp-caption aligncenter\"><a href=\"\/-que-le-compro-\/wp-content\/uploads\/sites\/19\/2013\/03\/craftsma-find.jpg\"><img aria-describedby=\"caption-attachment-1835\" loading=\"lazy\" class=\"size-full wp-image-1835\" title=\"Craftsma en Rinc\u00f3n de la Victoria y plaza de la Merced 30-31 de marzo\" src=\"\/-que-le-compro-\/wp-content\/uploads\/sites\/19\/2013\/03\/craftsma-find.jpg\" alt=\"Craftsma en Rinc\u00f3n de la Victoria y plaza de la Merced 30-31 de marzo\" width=\"450\" height=\"308\" srcset=\"https:\/\/static-blogs.diariosur.es\/wp-content\/uploads\/sites\/19\/2013\/03\/craftsma-find.jpg 450w, https:\/\/static-blogs.diariosur.es\/wp-content\/uploads\/sites\/19\/2013\/03\/craftsma-find-300x205.jpg 300w\" sizes=\"(max-width: 450px) 100vw, 450px\" \/><\/a><p id=\"caption-attachment-1835\" class=\"wp-caption-text\">Craftsma en Rinc\u00f3n de la Victoria y plaza de la Merced 30-31 de marzo<\/p><\/div>\n<p>&nbsp;<\/p>\n","protected":false},"excerpt":{"rendered":"<p>Ahora que las procesiones se acaban, aqu\u00ed ten\u00e9is un buen plan para este fin de semana. Si os gustan los complementos hechos a mano (handmade), la artesan\u00eda y los complementos \u00fanicos, este s\u00e1bado y domingo est\u00e1is de suerte, porque Crafts Market M\u00e1laga (Craftsma) se celebra por partida doble. Por un lado, este s\u00e1bado de 10.30 [&hellip;]<\/p>\n","protected":false},"author":24,"featured_media":0,"comment_status":"open","ping_status":"closed","sticky":false,"template":"","format":"standard","meta":[],"categories":[4],"tags":[935,936,2301,2953,3244],"_links":{"self":[{"href":"https:\/\/blogs.diariosur.es\/-que-le-compro-\/wp-json\/wp\/v2\/posts\/1834"}],"collection":[{"href":"https:\/\/blogs.diariosur.es\/-que-le-compro-\/wp-json\/wp\/v2\/posts"}],"about":[{"href":"https:\/\/blogs.diariosur.es\/-que-le-compro-\/wp-json\/wp\/v2\/types\/post"}],"author":[{"embeddable":true,"href":"https:\/\/blogs.diariosur.es\/-que-le-compro-\/wp-json\/wp\/v2\/users\/24"}],"replies":[{"embeddable":true,"href":"https:\/\/blogs.diariosur.es\/-que-le-compro-\/wp-json\/wp\/v2\/comments?post=1834"}],"version-history":[{"count":0,"href":"https:\/\/blogs.diariosur.es\/-que-le-compro-\/wp-json\/wp\/v2\/posts\/1834\/revisions"}],"wp:attachment":[{"href":"https:\/\/blogs.diariosur.es\/-que-le-compro-\/wp-json\/wp\/v2\/media?parent=1834"}],"wp:term":[{"taxonomy":"category","embeddable":true,"href":"https:\/\/blogs.diariosur.es\/-que-le-compro-\/wp-json\/wp\/v2\/categories?post=1834"},{"taxonomy":"post_tag","embeddable":true,"href":"https:\/\/blogs.diariosur.es\/-que-le-compro-\/wp-json\/wp\/v2\/tags?post=1834"}],"curies":[{"name":"wp","href":"https:\/\/api.w.org\/{rel}","templated":true}]}}