{"id":1836,"date":"2013-03-30T21:59:29","date_gmt":"2013-03-30T20:59:29","guid":{"rendered":"http:\/\/blogs.diariosur.es\/-que-le-compro-\/?p=1836"},"modified":"2013-03-30T21:59:29","modified_gmt":"2013-03-30T20:59:29","slug":"suspendida-el-mercadillo-craftsma-en-la-plaza-de-la-merced-de-este-domingo","status":"publish","type":"post","link":"https:\/\/blogs.diariosur.es\/-que-le-compro-\/2013\/03\/30\/suspendida-el-mercadillo-craftsma-en-la-plaza-de-la-merced-de-este-domingo\/","title":{"rendered":"Suspendido el mercadillo Craftsma en la plaza de la Merced de este domingo"},"content":{"rendered":"<p><span style=\"color: #333399; font-size: medium;\">Malas noticias para los que tuvierais pensado acercaros este domingo por la plaza de la Merced. La muestra de dise\u00f1adores de Crafts Market M\u00e1laga (Craftsma) no se celebrar\u00e1. Ha quedado suspendida por la predicci\u00f3n meteorol\u00f3gica, que anuncia lluvias en M\u00e1laga capital. As\u00ed que siento comunicaros que no habr\u00e1 mercadillo: cuando se sepa la nueva fecha de celebraci\u00f3n os la har\u00e9 saber.<\/span><\/p>\n<p><script type=\"text\/javascript\">var addthis_config = {\"data_track_clickback\":true,\"data_track_addressbar\":false,\"data_track_textcopy\":false,\"ui_atversion\":\"300\"}; var addthis_product = 'wpp-3.0.2';<\/script><script type=\"text\/javascript\" src=\"\/\/s7.addthis.com\/js\/300\/addthis_widget.js#pubid=ra-50fc27702fb34fca\"><\/script><\/p>\n<p><img loading=\"lazy\" class=\"aligncenter size-full wp-image-1837\" title=\"Cartel de Craftsma 31 de marzo en el Centro de M\u00e1laga\" src=\"\/-que-le-compro-\/wp-content\/uploads\/sites\/19\/2013\/03\/craftsma31.jpg\" alt=\"Cartel de Craftsma 31 de marzo en el Centro de M\u00e1laga\" width=\"450\" height=\"600\" srcset=\"https:\/\/static-blogs.diariosur.es\/wp-content\/uploads\/sites\/19\/2013\/03\/craftsma31.jpg 450w, https:\/\/static-blogs.diariosur.es\/wp-content\/uploads\/sites\/19\/2013\/03\/craftsma31-225x300.jpg 225w\" sizes=\"(max-width: 450px) 100vw, 450px\" \/><\/p>\n","protected":false},"excerpt":{"rendered":"<p>Malas noticias para los que tuvierais pensado acercaros este domingo por la plaza de la Merced. La muestra de dise\u00f1adores de Crafts Market M\u00e1laga (Craftsma) no se celebrar\u00e1. Ha quedado suspendida por la predicci\u00f3n meteorol\u00f3gica, que anuncia lluvias en M\u00e1laga capital. As\u00ed que siento comunicaros que no habr\u00e1 mercadillo: cuando se sepa la nueva fecha [&hellip;]<\/p>\n","protected":false},"author":24,"featured_media":0,"comment_status":"open","ping_status":"closed","sticky":false,"template":"","format":"standard","meta":[],"categories":[4,6],"tags":[935,936,1912,2301,2580,3536],"_links":{"self":[{"href":"https:\/\/blogs.diariosur.es\/-que-le-compro-\/wp-json\/wp\/v2\/posts\/1836"}],"collection":[{"href":"https:\/\/blogs.diariosur.es\/-que-le-compro-\/wp-json\/wp\/v2\/posts"}],"about":[{"href":"https:\/\/blogs.diariosur.es\/-que-le-compro-\/wp-json\/wp\/v2\/types\/post"}],"author":[{"embeddable":true,"href":"https:\/\/blogs.diariosur.es\/-que-le-compro-\/wp-json\/wp\/v2\/users\/24"}],"replies":[{"embeddable":true,"href":"https:\/\/blogs.diariosur.es\/-que-le-compro-\/wp-json\/wp\/v2\/comments?post=1836"}],"version-history":[{"count":0,"href":"https:\/\/blogs.diariosur.es\/-que-le-compro-\/wp-json\/wp\/v2\/posts\/1836\/revisions"}],"wp:attachment":[{"href":"https:\/\/blogs.diariosur.es\/-que-le-compro-\/wp-json\/wp\/v2\/media?parent=1836"}],"wp:term":[{"taxonomy":"category","embeddable":true,"href":"https:\/\/blogs.diariosur.es\/-que-le-compro-\/wp-json\/wp\/v2\/categories?post=1836"},{"taxonomy":"post_tag","embeddable":true,"href":"https:\/\/blogs.diariosur.es\/-que-le-compro-\/wp-json\/wp\/v2\/tags?post=1836"}],"curies":[{"name":"wp","href":"https:\/\/api.w.org\/{rel}","templated":true}]}}