{"id":1838,"date":"2013-04-01T18:35:19","date_gmt":"2013-04-01T16:35:19","guid":{"rendered":"http:\/\/blogs.diariosur.es\/-que-le-compro-\/?p=1838"},"modified":"2013-04-01T18:35:19","modified_gmt":"2013-04-01T16:35:19","slug":"entradas-de-cine-gratis-por-compras-en-vialia","status":"publish","type":"post","link":"https:\/\/blogs.diariosur.es\/-que-le-compro-\/2013\/04\/01\/entradas-de-cine-gratis-por-compras-en-vialia\/","title":{"rendered":"Entradas de cine cl\u00e1sico gratis por compras en Vialia, hasta el 25 de junio"},"content":{"rendered":"<p><img loading=\"lazy\" class=\"aligncenter size-full wp-image-1840\" title=\"Ciclo de cine cl\u00e1sico, los martes en Yelmo Vialia\" src=\"\/-que-le-compro-\/wp-content\/uploads\/sites\/19\/2013\/04\/cineclasico1.jpg\" alt=\"Ciclo de cine cl\u00e1sico, los martes en Yelmo Vialia\" width=\"450\" height=\"650\" srcset=\"https:\/\/static-blogs.diariosur.es\/wp-content\/uploads\/sites\/19\/2013\/04\/cineclasico1.jpg 450w, https:\/\/static-blogs.diariosur.es\/wp-content\/uploads\/sites\/19\/2013\/04\/cineclasico1-208x300.jpg 208w\" sizes=\"(max-width: 450px) 100vw, 450px\" \/><\/p>\n<p>&nbsp;<\/p>\n<p><span style=\"color: #333399;\">Desayuno con diamantes, memorias de \u00c1frica o El padrino vuelven al cine, y puedes verlas gratis. Porque<strong> hasta el pr\u00f3ximo 25 de junio<\/strong>, el cine cl\u00e1sico es protagonista los martes en las salas Yelmo del centro comercial Vialia. As\u00ed que <span style=\"text-decoration: underline;\">por cada compra o consumici\u00f3n de 20 euros o m\u00e1s<\/span> en las zonas de ocio y restauraci\u00f3n de lunes a jueves recibir\u00e1s <strong>dos entradas gratis<\/strong> para disfrutar de cualquiera de los filmes incluidos en la programaci\u00f3n.<\/span><\/p>\n<p><span style=\"color: #333399;\">Las proyecciones ser\u00e1n todos los martes de abril, mayo y junio a las 21.30 horas y las entradas ser\u00e1n canjeables en las taquillas de los cines Yelmo Vialia.\u00a0<\/span><\/p>\n<p><script type=\"text\/javascript\">var addthis_config = {\"data_track_clickback\":true,\"data_track_addressbar\":false,\"data_track_textcopy\":false,\"ui_atversion\":\"300\"}; var addthis_product = 'wpp-3.0.2';<\/script><script type=\"text\/javascript\" src=\"\/\/s7.addthis.com\/js\/300\/addthis_widget.js#pubid=ra-50fc27702fb34fca\"><\/script><\/p>\n<p><img loading=\"lazy\" class=\"aligncenter size-full wp-image-1840\" title=\"Programaci\u00f3n del ciclo de cine cl\u00e1sico en Vialia hasta junio \" src=\"\/-que-le-compro-\/wp-content\/uploads\/sites\/19\/2013\/04\/cineclasico2.jpg\" alt=\"Programaci\u00f3n del ciclo de cine cl\u00e1sico en Vialia hasta junio \" width=\"450\" height=\"650\" \/><\/p>\n<p>&nbsp;<\/p>\n<p>&nbsp;<\/p>\n","protected":false},"excerpt":{"rendered":"<p>&nbsp; Desayuno con diamantes, memorias de \u00c1frica o El padrino vuelven al cine, y puedes verlas gratis. Porque hasta el pr\u00f3ximo 25 de junio, el cine cl\u00e1sico es protagonista los martes en las salas Yelmo del centro comercial Vialia. As\u00ed que por cada compra o consumici\u00f3n de 20 euros o m\u00e1s en las zonas de [&hellip;]<\/p>\n","protected":false},"author":24,"featured_media":0,"comment_status":"open","ping_status":"closed","sticky":false,"template":"","format":"standard","meta":[],"categories":[2],"tags":[748,755,1270,3877],"_links":{"self":[{"href":"https:\/\/blogs.diariosur.es\/-que-le-compro-\/wp-json\/wp\/v2\/posts\/1838"}],"collection":[{"href":"https:\/\/blogs.diariosur.es\/-que-le-compro-\/wp-json\/wp\/v2\/posts"}],"about":[{"href":"https:\/\/blogs.diariosur.es\/-que-le-compro-\/wp-json\/wp\/v2\/types\/post"}],"author":[{"embeddable":true,"href":"https:\/\/blogs.diariosur.es\/-que-le-compro-\/wp-json\/wp\/v2\/users\/24"}],"replies":[{"embeddable":true,"href":"https:\/\/blogs.diariosur.es\/-que-le-compro-\/wp-json\/wp\/v2\/comments?post=1838"}],"version-history":[{"count":0,"href":"https:\/\/blogs.diariosur.es\/-que-le-compro-\/wp-json\/wp\/v2\/posts\/1838\/revisions"}],"wp:attachment":[{"href":"https:\/\/blogs.diariosur.es\/-que-le-compro-\/wp-json\/wp\/v2\/media?parent=1838"}],"wp:term":[{"taxonomy":"category","embeddable":true,"href":"https:\/\/blogs.diariosur.es\/-que-le-compro-\/wp-json\/wp\/v2\/categories?post=1838"},{"taxonomy":"post_tag","embeddable":true,"href":"https:\/\/blogs.diariosur.es\/-que-le-compro-\/wp-json\/wp\/v2\/tags?post=1838"}],"curies":[{"name":"wp","href":"https:\/\/api.w.org\/{rel}","templated":true}]}}